{"id":764,"date":"2025-06-17T15:47:37","date_gmt":"2025-06-17T13:47:37","guid":{"rendered":"https:\/\/micumaku.com\/?p=764"},"modified":"2025-06-17T15:47:39","modified_gmt":"2025-06-17T13:47:39","slug":"restaurant-sant-joan-barcelona","status":"publish","type":"post","link":"https:\/\/micumaku.com\/ca\/2025\/06\/17\/sant-joan-restaurant-barcelona\/","title":{"rendered":"Sant Joan a Barcelona 2025: Celebra el solstici d&#039;estiu amb un sopar mediterrani al MICU MAKU"},"content":{"rendered":"<p class=\"has-normal-font-size\">La nit del 23 de juny, <strong>Barcelona s&#039;il\u00b7lumina amb m\u00e0gia, foc i alegria<\/strong>. El\/La <strong>verbena de Sant Joan<\/strong> \u00e9s un dels festivals m\u00e9s esperats de l&#039;any. Al nostre restaurant <strong>MICU MAKU<\/strong>, situat al cor de la ciutat, us convidem a experimentar-ho amb sabors mediterranis, bona companyia i una vetllada culin\u00e0ria inoblidable vora el mar.<\/p>\n\n\n\n<p class=\"has-normal-font-size\"><strong> La Revetlla de Sant Joan: Una Nit d&#039;Hist\u00f2ria, M\u00e0gia i Tradicions Singulars<\/strong><\/p>\n\n\n\n<p class=\"has-normal-font-size\">El <strong>Verbena de Sant Joan<\/strong> celebra el <strong>solstici d&#039;estiu<\/strong>, el dia m\u00e9s llarg de l&#039;any, i marca l&#039;inici d&#039;una nova temporada plena d&#039;energia. Amb arrels paganes i cristianes, el foc juga un paper simb\u00f2lic clau: representa <strong>purificaci\u00f3, renovaci\u00f3<\/strong>, i el desig de deixar enrere el passat i donar la benvinguda al que ha de venir.<\/p>\n\n\n\n<p class=\"has-normal-font-size\"><strong>Coneixies aquestes dades curioses sobre Sant Joan a Barcelona?<\/strong><\/p>\n\n\n\n<p class=\"has-normal-font-size\">Voleu saber-ne m\u00e9s sobre aquesta nit m\u00e0gica? Aqu\u00ed teniu alguns fets sorprenents sobre <strong>com celebra Sant Joan a Barcelona<\/strong>:<\/p>\n\n\n\n<ul class=\"wp-block-list nb-list list-bullet-style is-style-no-connection sm-palette-1 sm-color-signal-0\" style=\"--nb-list-start-at:NaN;--nb-list-items-count:1\" data-palette=\"1\" data-palette-variation=\"1\" data-color-signal=\"0\">\n<li>\ud83c\udf86 Es disparen focs artificials per a <strong>allunyar els mals esperits<\/strong> i doneu la benvinguda a l&#039;estiu.<\/li>\n\n\n\n<li>\ud83d\udd25 Les fogueres a la platja representen la crema de la negativitat. \u00c9s tradici\u00f3... <strong>escriu un desig o alguna cosa que vulguis deixar anar en un tros de paper... i llen\u00e7a-ho al foc<\/strong>.<\/li>\n\n\n\n<li>\ud83c\udf0a Es diu que <strong>aigua de mar de mitjanit<\/strong> a Sant Joan t\u00e9 <strong>poders curatius i de sort<\/strong>.<\/li>\n\n\n\n<li>\ud83c\udf70 A les llars catalanes, la gent gaudeix de la tradici\u00f3 <strong>\u201c&quot;Coca de Sant Joan&quot;\u201d<\/strong>, un pa dol\u00e7 amb fruites confitades i pinyons, perfecte amb una copa de cava.<\/li>\n\n\n\n<li>\ud83d\udca5 \u00c9s una de les \u00faniques nits de l&#039;any en qu\u00e8 <strong>Es permeten petards i focs artificials lliurement<\/strong>, convertint-la en una de les nits m\u00e9s sorolloses \u2014i alegres\u2014 de Barcelona.<\/li>\n<\/ul>\n\n\n\n<p class=\"has-normal-font-size\">Per Sant Joan, la ciutat s&#039;omple de vida, de festa i de llum. Tant els habitants com els visitants omplen les platges i els carrers per <strong>ballar, compartir i celebrar<\/strong>. Pots sentir el <strong>Esperit mediterrani a l&#039;aire<\/strong>.<\/p>\n\n\n\n<p class=\"has-normal-font-size\">A <strong>MICU MAKU<\/strong>, obrim les nostres portes per fer que la vostra nit sigui encara m\u00e9s m\u00e0gica, oferint-vos una experi\u00e8ncia \u00fanica <strong>experi\u00e8ncia gastron\u00f2mica vora el mar<\/strong>, inspirat en la tradici\u00f3 mediterr\u00e0nia.<\/p>\n\n\n\n<p class=\"has-normal-font-size\"><strong>Sopar de Sant Joan a Barcelona: una celebraci\u00f3 mediterr\u00e0nia al MICU MAKU<\/strong><\/p>\n\n\n\n<p class=\"has-normal-font-size\">Uneix-te a nosaltres a <strong>MICU MAKU<\/strong> per un sopar de Sant Joan ple de <strong>sabors aut\u00e8ntics<\/strong>, ambient festiu i c\u00e0lida hospitalitat. El nostre restaurant es converteix en un espai de celebraci\u00f3 alegre, amb bona m\u00fasica, servei amable i una bonica terrassa on podeu veure els focs artificials il\u00b7luminar el cel de Barcelona.<\/p>\n\n\n\n<p class=\"has-normal-font-size\"><strong>Men\u00fa Especial de Sant Joan 2025:<\/strong><\/p>\n\n\n\n<p class=\"has-normal-font-size\"><strong>\ud83e\uddc6 Per compartir:<\/strong><\/p>\n\n\n\n<ul class=\"wp-block-list nb-list list-bullet-style is-style-no-connection sm-palette-1 sm-color-signal-0\" style=\"--nb-list-start-at:NaN;--nb-list-items-count:1\" data-palette=\"1\" data-palette-variation=\"1\" data-color-signal=\"0\">\n<li>Croquetes de pernil ib\u00e8ric<\/li>\n\n\n\n<li>Calamars a l&#039;andalusa<\/li>\n\n\n\n<li>Patates braves amb alioli casol\u00e0<\/li>\n<\/ul>\n\n\n\n<p class=\"has-normal-font-size\"><strong>\ud83e\udd58 Plats amb \u00e0nima mediterr\u00e0nia:<\/strong><\/p>\n\n\n\n<ul class=\"wp-block-list nb-list list-bullet-style is-style-no-connection sm-palette-1 sm-color-signal-0\" style=\"--nb-list-start-at:NaN;--nb-list-items-count:1\" data-palette=\"1\" data-palette-variation=\"1\" data-color-signal=\"0\">\n<li>Paella de marisc<\/li>\n\n\n\n<li>Arr\u00f2s negre<\/li>\n\n\n\n<li>Fideu\u00e0 tradicional<\/li>\n\n\n\n<li>Hamburgueses gourmet<\/li>\n<\/ul>\n\n\n\n<p class=\"has-normal-font-size\"><strong>\ud83c\udf77 Begudes per brindar amb:<\/strong><\/p>\n\n\n\n<ul class=\"wp-block-list nb-list list-bullet-style is-style-no-connection sm-palette-1 sm-color-signal-0\" style=\"--nb-list-start-at:NaN;--nb-list-items-count:1\" data-palette=\"1\" data-palette-variation=\"1\" data-color-signal=\"0\">\n<li>Sangria de cava i vi negre<\/li>\n\n\n\n<li>Selecci\u00f3 de vins de la casa<\/li>\n\n\n\n<li>C\u00f2ctels de la casa<\/li>\n<\/ul>\n\n\n\n<p class=\"has-normal-font-size\"><strong>\ud83c\udf70 Finals dol\u00e7os:<\/strong><\/p>\n\n\n\n<ul class=\"wp-block-list nb-list list-bullet-style is-style-no-connection sm-palette-1 sm-color-signal-0\" style=\"--nb-list-start-at:NaN;--nb-list-items-count:1\" data-palette=\"1\" data-palette-variation=\"1\" data-color-signal=\"0\">\n<li>crema catalana<\/li>\n\n\n\n<li>Past\u00eds de formatge casol\u00e0<\/li>\n\n\n\n<li>Gelat artesanal<br>\ud83d\udc49 Consulta el nostre men\u00fa complet <a href=\"https:\/\/micumaku.com\/ca\/menu-aribau\/\">aqu\u00ed<\/a><br><br><strong>Fes que aquest Sant Joan 2025 sigui m\u00e0gic al MICU MAKU<\/strong><\/li>\n\n\n\n<li>Aix\u00f2 <strong>Sant Joan 2025 a Barcelona<\/strong>, gaudeix d&#039;una nit realment inoblidable al MICU MAKU, on:<\/li>\n\n\n\n<li>La cuina mediterr\u00e0nia es troba amb la tradici\u00f3 local<\/li>\n\n\n\n<li>Un ambient festiu i aut\u00e8ntic us espera.<\/li>\n\n\n\n<li>Un servei personalitzat i amable que et fa sentir com a casa<\/li>\n\n\n\n<li>La nostra terrassa ofereix un dels millors llocs per veure els focs artificials sobre el mar<\/li>\n\n\n\n<li>Fes el teu <strong>sopar de Sant Joan<\/strong> una experi\u00e8ncia \u00fanica a Barcelona.<\/li>\n\n\n\n<li><strong>Reserva la teva taula ara<\/strong> i celebra una nit de sabor, tradici\u00f3 i vistes al mar.<\/li>\n\n\n\n<li>\ud83d\udc49 <a href=\"https:\/\/micumaku.com\/ca\/reserves-a-aribau\/\">Reserva aqu\u00ed i prepara&#039;t per a una nit de Sant Joan inoblidable.<\/a><\/li>\n<\/ul>\n\n\n\n<p class=\"has-normal-font-size\"><\/p>","protected":false},"excerpt":{"rendered":"<p>On the night of June 23rd, Barcelona lights up with magic, fire, and joy. The verbena of Sant Joan is one of the most anticipated [&hellip;]<\/p>\n","protected":false},"author":2,"featured_media":765,"comment_status":"open","ping_status":"open","sticky":false,"template":"","format":"standard","meta":{"novablocks_hero_scroll_indicator":false,"novablocks_hero_position_indicators":false,"supernova_prevent_duplicate":false,"_project_color":"","_project_color_auto":"#b45464","footnotes":""},"categories":[52],"tags":[59,93,94,35,92],"class_list":["post-764","post","type-post","status-publish","format-standard","has-post-thumbnail","hentry","category-tourism","tag-authentic-spanish-paella","tag-barcelonabynight","tag-mediterraneandinner","tag-paella","tag-santjoan2025"],"yoast_head":"<!-- This site is optimized with the Yoast SEO plugin v27.2 - https:\/\/yoast.com\/product\/yoast-seo-wordpress\/ -->\n<title>Sant Joan in Barcelona 2025: Celebrate the Summer Solstice with a Mediterranean Dinner at MICU MAKU - Micu Maku<\/title>\n<meta name=\"description\" content=\"Enjoy a magical Sant Joan night in central Barcelona with Mediterranean flavors, fireworks, and festive atmosphere at MICU MAKU.\" \/>\n<meta name=\"robots\" content=\"index, follow, max-snippet:-1, max-image-preview:large, max-video-preview:-1\" \/>\n<link rel=\"canonical\" href=\"https:\/\/micumaku.com\/ca\/2025\/06\/17\/restaurant-sant-joan-barcelona\/\" \/>\n<meta property=\"og:locale\" content=\"ca_ES\" \/>\n<meta property=\"og:type\" content=\"article\" \/>\n<meta property=\"og:title\" content=\"Sant Joan in Barcelona 2025: Celebrate the Summer Solstice with a Mediterranean Dinner at MICU MAKU - Micu Maku\" \/>\n<meta property=\"og:description\" content=\"Enjoy a magical Sant Joan night in central Barcelona with Mediterranean flavors, fireworks, and festive atmosphere at MICU MAKU.\" \/>\n<meta property=\"og:url\" content=\"https:\/\/micumaku.com\/ca\/2025\/06\/17\/restaurant-sant-joan-barcelona\/\" \/>\n<meta property=\"og:site_name\" content=\"Micu Maku\" \/>\n<meta property=\"article:publisher\" content=\"https:\/\/facebook.com\/micumaku\" \/>\n<meta property=\"article:published_time\" content=\"2025-06-17T13:47:37+00:00\" \/>\n<meta property=\"article:modified_time\" content=\"2025-06-17T13:47:39+00:00\" \/>\n<meta property=\"og:image\" content=\"https:\/\/micumaku.com\/wp-content\/uploads\/2025\/06\/91182platjaaro-sant-joan.jpg\" \/>\n\t<meta property=\"og:image:width\" content=\"600\" \/>\n\t<meta property=\"og:image:height\" content=\"400\" \/>\n\t<meta property=\"og:image:type\" content=\"image\/jpeg\" \/>\n<meta name=\"author\" content=\"Eli MicuMaku\" \/>\n<meta name=\"twitter:card\" content=\"summary_large_image\" \/>\n<meta name=\"twitter:label1\" content=\"Escrit per\" \/>\n\t<meta name=\"twitter:data1\" content=\"Eli MicuMaku\" \/>\n\t<meta name=\"twitter:label2\" content=\"Temps estimat de lectura\" \/>\n\t<meta name=\"twitter:data2\" content=\"3 minuts\" \/>\n<script type=\"application\/ld+json\" class=\"yoast-schema-graph\">{\"@context\":\"https:\/\/schema.org\",\"@graph\":[{\"@type\":\"Article\",\"@id\":\"https:\/\/micumaku.com\/2025\/06\/17\/sant-joan-restaurant-barcelona\/#article\",\"isPartOf\":{\"@id\":\"https:\/\/micumaku.com\/2025\/06\/17\/sant-joan-restaurant-barcelona\/\"},\"author\":{\"name\":\"Eli MicuMaku\",\"@id\":\"https:\/\/micumaku.com\/#\/schema\/person\/b3dc50bdf351a2ee9a1cf7b93ed0827d\"},\"headline\":\"Sant Joan in Barcelona 2025: Celebrate the Summer Solstice with a Mediterranean Dinner at MICU MAKU\",\"datePublished\":\"2025-06-17T13:47:37+00:00\",\"dateModified\":\"2025-06-17T13:47:39+00:00\",\"mainEntityOfPage\":{\"@id\":\"https:\/\/micumaku.com\/2025\/06\/17\/sant-joan-restaurant-barcelona\/\"},\"wordCount\":556,\"commentCount\":0,\"publisher\":{\"@id\":\"https:\/\/micumaku.com\/#organization\"},\"image\":{\"@id\":\"https:\/\/micumaku.com\/2025\/06\/17\/sant-joan-restaurant-barcelona\/#primaryimage\"},\"thumbnailUrl\":\"https:\/\/micumaku.com\/wp-content\/uploads\/2025\/06\/91182platjaaro-sant-joan.jpg\",\"keywords\":[\"Authentic Spanish paella\",\"BarcelonaByNight\",\"MediterraneanDinner\",\"paella\",\"SantJoan2025\"],\"articleSection\":[\"Tourism\"],\"inLanguage\":\"ca\",\"potentialAction\":[{\"@type\":\"CommentAction\",\"name\":\"Comment\",\"target\":[\"https:\/\/micumaku.com\/2025\/06\/17\/sant-joan-restaurant-barcelona\/#respond\"]}]},{\"@type\":\"WebPage\",\"@id\":\"https:\/\/micumaku.com\/2025\/06\/17\/sant-joan-restaurant-barcelona\/\",\"url\":\"https:\/\/micumaku.com\/2025\/06\/17\/sant-joan-restaurant-barcelona\/\",\"name\":\"Sant Joan in Barcelona 2025: Celebrate the Summer Solstice with a Mediterranean Dinner at MICU MAKU - Micu Maku\",\"isPartOf\":{\"@id\":\"https:\/\/micumaku.com\/#website\"},\"primaryImageOfPage\":{\"@id\":\"https:\/\/micumaku.com\/2025\/06\/17\/sant-joan-restaurant-barcelona\/#primaryimage\"},\"image\":{\"@id\":\"https:\/\/micumaku.com\/2025\/06\/17\/sant-joan-restaurant-barcelona\/#primaryimage\"},\"thumbnailUrl\":\"https:\/\/micumaku.com\/wp-content\/uploads\/2025\/06\/91182platjaaro-sant-joan.jpg\",\"datePublished\":\"2025-06-17T13:47:37+00:00\",\"dateModified\":\"2025-06-17T13:47:39+00:00\",\"description\":\"Enjoy a magical Sant Joan night in central Barcelona with Mediterranean flavors, fireworks, and festive atmosphere at MICU MAKU.\",\"breadcrumb\":{\"@id\":\"https:\/\/micumaku.com\/2025\/06\/17\/sant-joan-restaurant-barcelona\/#breadcrumb\"},\"inLanguage\":\"ca\",\"potentialAction\":[{\"@type\":\"ReadAction\",\"target\":[\"https:\/\/micumaku.com\/2025\/06\/17\/sant-joan-restaurant-barcelona\/\"]}]},{\"@type\":\"ImageObject\",\"inLanguage\":\"ca\",\"@id\":\"https:\/\/micumaku.com\/2025\/06\/17\/sant-joan-restaurant-barcelona\/#primaryimage\",\"url\":\"https:\/\/micumaku.com\/wp-content\/uploads\/2025\/06\/91182platjaaro-sant-joan.jpg\",\"contentUrl\":\"https:\/\/micumaku.com\/wp-content\/uploads\/2025\/06\/91182platjaaro-sant-joan.jpg\",\"width\":600,\"height\":400,\"caption\":\"sanjoan\"},{\"@type\":\"BreadcrumbList\",\"@id\":\"https:\/\/micumaku.com\/2025\/06\/17\/sant-joan-restaurant-barcelona\/#breadcrumb\",\"itemListElement\":[{\"@type\":\"ListItem\",\"position\":1,\"name\":\"Home\",\"item\":\"https:\/\/micumaku.com\/\"},{\"@type\":\"ListItem\",\"position\":2,\"name\":\"Sant Joan in Barcelona 2025: Celebrate the Summer Solstice with a Mediterranean Dinner at MICU MAKU\"}]},{\"@type\":\"WebSite\",\"@id\":\"https:\/\/micumaku.com\/#website\",\"url\":\"https:\/\/micumaku.com\/\",\"name\":\"Micu Maku\",\"description\":\"Mediterranean cuisine and burgers\",\"publisher\":{\"@id\":\"https:\/\/micumaku.com\/#organization\"},\"potentialAction\":[{\"@type\":\"SearchAction\",\"target\":{\"@type\":\"EntryPoint\",\"urlTemplate\":\"https:\/\/micumaku.com\/?s={search_term_string}\"},\"query-input\":{\"@type\":\"PropertyValueSpecification\",\"valueRequired\":true,\"valueName\":\"search_term_string\"}}],\"inLanguage\":\"ca\"},{\"@type\":\"Organization\",\"@id\":\"https:\/\/micumaku.com\/#organization\",\"name\":\"Micu Maku\",\"url\":\"https:\/\/micumaku.com\/\",\"logo\":{\"@type\":\"ImageObject\",\"inLanguage\":\"ca\",\"@id\":\"https:\/\/micumaku.com\/#\/schema\/logo\/image\/\",\"url\":\"https:\/\/micumaku.com\/wp-content\/uploads\/2025\/01\/cropped-LOGO-PLANO-TRANSP.png\",\"contentUrl\":\"https:\/\/micumaku.com\/wp-content\/uploads\/2025\/01\/cropped-LOGO-PLANO-TRANSP.png\",\"width\":1835,\"height\":500,\"caption\":\"Micu Maku\"},\"image\":{\"@id\":\"https:\/\/micumaku.com\/#\/schema\/logo\/image\/\"},\"sameAs\":[\"https:\/\/facebook.com\/micumaku\",\"https:\/\/instagram.com\/micumaku\"]},{\"@type\":\"Person\",\"@id\":\"https:\/\/micumaku.com\/#\/schema\/person\/b3dc50bdf351a2ee9a1cf7b93ed0827d\",\"name\":\"Eli MicuMaku\",\"image\":{\"@type\":\"ImageObject\",\"inLanguage\":\"ca\",\"@id\":\"https:\/\/secure.gravatar.com\/avatar\/0d190a92e52c1b170f5671b4bc41ece870afb9b76422cf76d43c9b6b27a60468?s=96&d=mm&r=g\",\"url\":\"https:\/\/secure.gravatar.com\/avatar\/0d190a92e52c1b170f5671b4bc41ece870afb9b76422cf76d43c9b6b27a60468?s=96&d=mm&r=g\",\"contentUrl\":\"https:\/\/secure.gravatar.com\/avatar\/0d190a92e52c1b170f5671b4bc41ece870afb9b76422cf76d43c9b6b27a60468?s=96&d=mm&r=g\",\"caption\":\"Eli MicuMaku\"},\"url\":\"https:\/\/micumaku.com\/ca\/author\/micumakueli\/\"}]}<\/script>\n<!-- \/ Yoast SEO plugin. -->","yoast_head_json":{"title":"Sant Joan a Barcelona 2025: Celebra el solstici d&#039;estiu amb un sopar mediterrani al MICU MAKU - Micu Maku","description":"Gaudeix d&#039;una nit m\u00e0gica de Sant Joan al centre de Barcelona amb sabors mediterranis, focs artificials i ambient festiu al MICU MAKU.","robots":{"index":"index","follow":"follow","max-snippet":"max-snippet:-1","max-image-preview":"max-image-preview:large","max-video-preview":"max-video-preview:-1"},"canonical":"https:\/\/micumaku.com\/ca\/2025\/06\/17\/restaurant-sant-joan-barcelona\/","og_locale":"ca_ES","og_type":"article","og_title":"Sant Joan in Barcelona 2025: Celebrate the Summer Solstice with a Mediterranean Dinner at MICU MAKU - Micu Maku","og_description":"Enjoy a magical Sant Joan night in central Barcelona with Mediterranean flavors, fireworks, and festive atmosphere at MICU MAKU.","og_url":"https:\/\/micumaku.com\/ca\/2025\/06\/17\/restaurant-sant-joan-barcelona\/","og_site_name":"Micu Maku","article_publisher":"https:\/\/facebook.com\/micumaku","article_published_time":"2025-06-17T13:47:37+00:00","article_modified_time":"2025-06-17T13:47:39+00:00","og_image":[{"width":600,"height":400,"url":"https:\/\/micumaku.com\/wp-content\/uploads\/2025\/06\/91182platjaaro-sant-joan.jpg","type":"image\/jpeg"}],"author":"Eli MicuMaku","twitter_card":"summary_large_image","twitter_misc":{"Escrit per":"Eli MicuMaku","Temps estimat de lectura":"3 minuts"},"schema":{"@context":"https:\/\/schema.org","@graph":[{"@type":"Article","@id":"https:\/\/micumaku.com\/2025\/06\/17\/sant-joan-restaurant-barcelona\/#article","isPartOf":{"@id":"https:\/\/micumaku.com\/2025\/06\/17\/sant-joan-restaurant-barcelona\/"},"author":{"name":"Eli MicuMaku","@id":"https:\/\/micumaku.com\/#\/schema\/person\/b3dc50bdf351a2ee9a1cf7b93ed0827d"},"headline":"Sant Joan in Barcelona 2025: Celebrate the Summer Solstice with a Mediterranean Dinner at MICU MAKU","datePublished":"2025-06-17T13:47:37+00:00","dateModified":"2025-06-17T13:47:39+00:00","mainEntityOfPage":{"@id":"https:\/\/micumaku.com\/2025\/06\/17\/sant-joan-restaurant-barcelona\/"},"wordCount":556,"commentCount":0,"publisher":{"@id":"https:\/\/micumaku.com\/#organization"},"image":{"@id":"https:\/\/micumaku.com\/2025\/06\/17\/sant-joan-restaurant-barcelona\/#primaryimage"},"thumbnailUrl":"https:\/\/micumaku.com\/wp-content\/uploads\/2025\/06\/91182platjaaro-sant-joan.jpg","keywords":["Authentic Spanish paella","BarcelonaByNight","MediterraneanDinner","paella","SantJoan2025"],"articleSection":["Tourism"],"inLanguage":"ca","potentialAction":[{"@type":"CommentAction","name":"Comment","target":["https:\/\/micumaku.com\/2025\/06\/17\/sant-joan-restaurant-barcelona\/#respond"]}]},{"@type":"WebPage","@id":"https:\/\/micumaku.com\/2025\/06\/17\/sant-joan-restaurant-barcelona\/","url":"https:\/\/micumaku.com\/2025\/06\/17\/sant-joan-restaurant-barcelona\/","name":"Sant Joan a Barcelona 2025: Celebra el solstici d&#039;estiu amb un sopar mediterrani al MICU MAKU - Micu Maku","isPartOf":{"@id":"https:\/\/micumaku.com\/#website"},"primaryImageOfPage":{"@id":"https:\/\/micumaku.com\/2025\/06\/17\/sant-joan-restaurant-barcelona\/#primaryimage"},"image":{"@id":"https:\/\/micumaku.com\/2025\/06\/17\/sant-joan-restaurant-barcelona\/#primaryimage"},"thumbnailUrl":"https:\/\/micumaku.com\/wp-content\/uploads\/2025\/06\/91182platjaaro-sant-joan.jpg","datePublished":"2025-06-17T13:47:37+00:00","dateModified":"2025-06-17T13:47:39+00:00","description":"Gaudeix d&#039;una nit m\u00e0gica de Sant Joan al centre de Barcelona amb sabors mediterranis, focs artificials i ambient festiu al MICU MAKU.","breadcrumb":{"@id":"https:\/\/micumaku.com\/2025\/06\/17\/sant-joan-restaurant-barcelona\/#breadcrumb"},"inLanguage":"ca","potentialAction":[{"@type":"ReadAction","target":["https:\/\/micumaku.com\/2025\/06\/17\/sant-joan-restaurant-barcelona\/"]}]},{"@type":"ImageObject","inLanguage":"ca","@id":"https:\/\/micumaku.com\/2025\/06\/17\/sant-joan-restaurant-barcelona\/#primaryimage","url":"https:\/\/micumaku.com\/wp-content\/uploads\/2025\/06\/91182platjaaro-sant-joan.jpg","contentUrl":"https:\/\/micumaku.com\/wp-content\/uploads\/2025\/06\/91182platjaaro-sant-joan.jpg","width":600,"height":400,"caption":"sanjoan"},{"@type":"BreadcrumbList","@id":"https:\/\/micumaku.com\/2025\/06\/17\/sant-joan-restaurant-barcelona\/#breadcrumb","itemListElement":[{"@type":"ListItem","position":1,"name":"Home","item":"https:\/\/micumaku.com\/"},{"@type":"ListItem","position":2,"name":"Sant Joan in Barcelona 2025: Celebrate the Summer Solstice with a Mediterranean Dinner at MICU MAKU"}]},{"@type":"WebSite","@id":"https:\/\/micumaku.com\/#website","url":"https:\/\/micumaku.com\/","name":"Micu Maku","description":"Cuina mediterr\u00e0nia i hamburgueses","publisher":{"@id":"https:\/\/micumaku.com\/#organization"},"potentialAction":[{"@type":"SearchAction","target":{"@type":"EntryPoint","urlTemplate":"https:\/\/micumaku.com\/?s={search_term_string}"},"query-input":{"@type":"PropertyValueSpecification","valueRequired":true,"valueName":"search_term_string"}}],"inLanguage":"ca"},{"@type":"Organization","@id":"https:\/\/micumaku.com\/#organization","name":"Micu Maku","url":"https:\/\/micumaku.com\/","logo":{"@type":"ImageObject","inLanguage":"ca","@id":"https:\/\/micumaku.com\/#\/schema\/logo\/image\/","url":"https:\/\/micumaku.com\/wp-content\/uploads\/2025\/01\/cropped-LOGO-PLANO-TRANSP.png","contentUrl":"https:\/\/micumaku.com\/wp-content\/uploads\/2025\/01\/cropped-LOGO-PLANO-TRANSP.png","width":1835,"height":500,"caption":"Micu Maku"},"image":{"@id":"https:\/\/micumaku.com\/#\/schema\/logo\/image\/"},"sameAs":["https:\/\/facebook.com\/micumaku","https:\/\/instagram.com\/micumaku"]},{"@type":"Person","@id":"https:\/\/micumaku.com\/#\/schema\/person\/b3dc50bdf351a2ee9a1cf7b93ed0827d","name":"Eli MicuMaku","image":{"@type":"ImageObject","inLanguage":"ca","@id":"https:\/\/secure.gravatar.com\/avatar\/0d190a92e52c1b170f5671b4bc41ece870afb9b76422cf76d43c9b6b27a60468?s=96&d=mm&r=g","url":"https:\/\/secure.gravatar.com\/avatar\/0d190a92e52c1b170f5671b4bc41ece870afb9b76422cf76d43c9b6b27a60468?s=96&d=mm&r=g","contentUrl":"https:\/\/secure.gravatar.com\/avatar\/0d190a92e52c1b170f5671b4bc41ece870afb9b76422cf76d43c9b6b27a60468?s=96&d=mm&r=g","caption":"Eli MicuMaku"},"url":"https:\/\/micumaku.com\/ca\/author\/micumakueli\/"}]}},"_links":{"self":[{"href":"https:\/\/micumaku.com\/ca\/wp-json\/wp\/v2\/posts\/764","targetHints":{"allow":["GET"]}}],"collection":[{"href":"https:\/\/micumaku.com\/ca\/wp-json\/wp\/v2\/posts"}],"about":[{"href":"https:\/\/micumaku.com\/ca\/wp-json\/wp\/v2\/types\/post"}],"author":[{"embeddable":true,"href":"https:\/\/micumaku.com\/ca\/wp-json\/wp\/v2\/users\/2"}],"replies":[{"embeddable":true,"href":"https:\/\/micumaku.com\/ca\/wp-json\/wp\/v2\/comments?post=764"}],"version-history":[{"count":1,"href":"https:\/\/micumaku.com\/ca\/wp-json\/wp\/v2\/posts\/764\/revisions"}],"predecessor-version":[{"id":767,"href":"https:\/\/micumaku.com\/ca\/wp-json\/wp\/v2\/posts\/764\/revisions\/767"}],"wp:featuredmedia":[{"embeddable":true,"href":"https:\/\/micumaku.com\/ca\/wp-json\/wp\/v2\/media\/765"}],"wp:attachment":[{"href":"https:\/\/micumaku.com\/ca\/wp-json\/wp\/v2\/media?parent=764"}],"wp:term":[{"taxonomy":"category","embeddable":true,"href":"https:\/\/micumaku.com\/ca\/wp-json\/wp\/v2\/categories?post=764"},{"taxonomy":"post_tag","embeddable":true,"href":"https:\/\/micumaku.com\/ca\/wp-json\/wp\/v2\/tags?post=764"}],"curies":[{"name":"wp","href":"https:\/\/api.w.org\/{rel}","templated":true}]}}