{"id":821,"date":"2025-09-23T15:36:13","date_gmt":"2025-09-23T13:36:13","guid":{"rendered":"https:\/\/micumaku.com\/?p=821"},"modified":"2025-09-25T11:22:40","modified_gmt":"2025-09-25T09:22:40","slug":"festival-la-merce-2025-barcelone-micu-maku","status":"publish","type":"post","link":"https:\/\/micumaku.com\/fr\/2025\/09\/23\/la-merce-festival-2025-barcelona-micu-maku\/","title":{"rendered":"\u201cD\u00e9couvrez le festival La Merc\u00e8 2025 \u00e0 Barcelone et d\u00e9gustez un repas m\u00e9diterran\u00e9en chez Micu Maku\u201d.\u201d"},"content":{"rendered":"<p class=\"has-normal-font-size\">Le <a href=\"https:\/\/www.barcelona.cat\/lamerce\/en\">Festival de La Merc\u00e8 2025<\/a> est toute proche, et Barcelone se pr\u00e9pare \u00e0 vivre ses journ\u00e9es les plus anim\u00e9es de l'ann\u00e9e. Du 23 au 28 septembre, la ville rend hommage \u00e0 sa patronne, la Mare de D\u00e9u de la Merc\u00e8 (Notre-Dame de la Mis\u00e9ricorde), avec un programme unique de musique, de spectacles et de traditions populaires qui attirent des milliers de visiteurs du monde entier.<\/p>\n\n\n\n<p class=\"has-normal-font-size\">Origine et histoire de La Merc\u00e8<\/p>\n\n\n\n<p class=\"has-normal-font-size\">La c\u00e9l\u00e9bration de <a href=\"https:\/\/en.wikipedia.org\/wiki\/La_Merc%C3%A8\">La Merc\u00e8<\/a> remonte au XIIIe si\u00e8cle, lorsque, selon la tradition, la Vierge de la Mis\u00e9ricorde est apparue \u00e0 plusieurs saints pour leur demander de cr\u00e9er un ordre d\u00e9di\u00e9 au rachat des captifs. En 1687, apr\u00e8s avoir prot\u00e9g\u00e9 Barcelone d'une invasion d\u00e9vastatrice de sauterelles, la Vierge a \u00e9t\u00e9 officiellement proclam\u00e9e patronne de la ville.<\/p>\n\n\n\n<p class=\"has-normal-font-size\">Depuis lors, chaque ann\u00e9e en septembre, Barcelone c\u00e9l\u00e8bre son patron avec un m\u00e9lange unique de foi, de tradition et de culture. Au fil des si\u00e8cles, la Merc\u00e8 s'est transform\u00e9e d'une f\u00eate purement religieuse en un festival culturel moderne qui conserve l'essence des traditions catalanes - d\u00e9fil\u00e9s de g\u00e9ants et de grosses t\u00eates, castellers (tours humaines), correfocs (courses de feu) et danses de sardanes - tout en s'ouvrant \u00e0 l'art contemporain, \u00e0 la musique et aux spectacles internationaux.<\/p>\n\n\n\n<p class=\"has-normal-font-size\">Avec plus de trois si\u00e8cles d'histoire, La Merc\u00e8 est aujourd'hui l'un des festivals urbains les plus embl\u00e9matiques d'Europe.<\/p>\n\n\n\n<p class=\"has-normal-font-size\">Une ville qui devient une sc\u00e8ne<\/p>\n\n\n\n<p class=\"has-normal-font-size\">Pendant pr\u00e8s d'une semaine, Barcelone se transforme en sc\u00e8ne \u00e0 ciel ouvert :<\/p>\n\n\n\n<p class=\"has-normal-font-size\">Des g\u00e9ants et des grosses t\u00eates d\u00e9filent dans les rues.<\/p>\n\n\n\n<p class=\"has-normal-font-size\">Les Castellers construisent des tours humaines \u00e0 couper le souffle.<\/p>\n\n\n\n<p class=\"has-normal-font-size\">Correfoc avec des diables, du feu et des \u00e9tincelles illuminant la nuit.<\/p>\n\n\n\n<p class=\"has-normal-font-size\">Concerts gratuits au BAM <a href=\"https:\/\/www.barcelona.cat\/lamerce\/en\/musica\">(Barcelona Acci\u00f3 Musical)<\/a> avec des artistes nationaux et internationaux.<\/p>\n\n\n\n<p class=\"has-normal-font-size\">Les arts de la rue \u00e0 travers <a href=\"https:\/\/www.barcelona.cat\/lamerce\/en\/mac\">MAC<\/a> (Merc\u00e8 Arts de Carrer) sur les places et dans les parcs.<\/p>\n\n\n\n<p class=\"has-normal-font-size\">Des activit\u00e9s familiales, des mus\u00e9es ouverts et le grand final : la f\u00eate de la musique. <a href=\"https:\/\/www.barcelona.cat\/lamerce\/en\/piromusical\">La com\u00e9die musicale \u00e0 Montju\u00efc<\/a>, Un spectacle \u00e9blouissant de musique, d'eau et de feux d'artifice cl\u00f4ture le festival.<\/p>\n\n\n\n<p class=\"has-normal-font-size\">La Merc\u00e8 : plus qu'un festival<\/p>\n\n\n\n<p class=\"has-normal-font-size\">La Merc\u00e8 n'est pas seulement une f\u00eate locale, c'est une exp\u00e9rience culturelle qui pr\u00e9sente le meilleur de Barcelone au monde entier. C'est l'occasion d'appr\u00e9cier l'identit\u00e9 catalane, depuis les danses traditionnelles jusqu'\u00e0 la gastronomie m\u00e9diterran\u00e9enne, qui joue toujours un r\u00f4le central dans les r\u00e9unions de famille et d'amis organis\u00e9es pendant ces journ\u00e9es.<\/p>\n\n\n\n<p class=\"has-normal-font-size\">C'est pourquoi, entre les \u00e9v\u00e9nements, les concerts et les spectacles, il est essentiel de faire une pause pour savourer l'authentique cuisine m\u00e9diterran\u00e9enne de la ville.<\/p>\n\n\n\n<p class=\"has-normal-font-size\"><a href=\"https:\/\/micumaku.com\/fr\/etiquette\/micumaku\/\">Micu Maku<\/a>La Merc\u00e8 : votre arr\u00eat m\u00e9diterran\u00e9en pendant la Merc\u00e8<\/p>\n\n\n\n<p class=\"has-normal-font-size\">Chez Micu Maku, nous c\u00e9l\u00e9brons l'esprit de Barcelone avec vous. Nos restaurants, situ\u00e9s \u00e0 :<\/p>\n\n\n\n<p class=\"has-normal-font-size\">\ud83d\udccd Eixample - <a href=\"https:\/\/micumaku.com\/fr\/reservation-aribau\/\">Carrer d'Aribau, 22<\/a><\/p>\n\n\n\n<p class=\"has-normal-font-size\">\ud83d\udccd <a href=\"https:\/\/goo.gl\/maps\/fGTy8QqL9i92\">Castillejos, 208<\/a> \u00e0 c\u00f4t\u00e9 de la Sagrada Familia<\/p>\n\n\n\n<p class=\"has-normal-font-size\">sont \u00e0 quelques pas des principales sc\u00e8nes de La Merc\u00e8. Ici, vous pouvez \u00e9chapper \u00e0 la foule et vous r\u00e9galer de plats qui enflamment vos sens : paellas, riz noir, fideu\u00e0, p\u00e2tes fra\u00eeches, hamburgers gastronomiques, vins de la maison et sangrias artisanales, le tout dans une atmosph\u00e8re \u00e0 la fois anim\u00e9e et m\u00e9diterran\u00e9enne.<\/p>\n\n\n\n<p class=\"has-normal-font-size\">Le plan parfait de La Merc\u00e8 2025<\/p>\n\n\n\n<p class=\"has-normal-font-size\">Arr\u00eatez-vous pour d\u00e9jeuner ou d\u00eener avant d'assister \u00e0 un concert sur la Pla\u00e7a Catalunya ou sur l'Avinguda Maria Cristina.<\/p>\n\n\n\n<p class=\"has-normal-font-size\">Faites une pause apr\u00e8s les spectacles de rue et ressourcez-vous dans notre \u00e9tablissement d'Aribau.<\/p>\n\n\n\n<p class=\"has-normal-font-size\">Vous visitez la Sagrada Familia ? Participez \u00e0 l'ambiance festive du quartier et d\u00e9gustez notre menu \u00e0 Castillejos.<\/p>\n\n\n\n<p class=\"has-normal-font-size\">Apr\u00e8s la com\u00e9die musicale de Montju\u00efc, terminez la journ\u00e9e en portant un toast au Micu Maku.<\/p>\n\n\n\n<p class=\"has-normal-font-size\">En septembre, Barcelone s'anime et Micu Maku s'anime avec elle. C\u00e9l\u00e9brez la culture, embrassez la ville et d\u00e9couvrez pourquoi nous disons : La M\u00e9diterran\u00e9e illumine vos sens.<\/p>","protected":false},"excerpt":{"rendered":"<p>The La Merc\u00e8 Festival 2025 is just around the corner, and Barcelona is getting ready for its most vibrant days of the year. From September [&hellip;]<\/p>\n","protected":false},"author":2,"featured_media":823,"comment_status":"closed","ping_status":"closed","sticky":false,"template":"","format":"standard","meta":{"novablocks_hero_scroll_indicator":false,"novablocks_hero_position_indicators":false,"supernova_prevent_duplicate":false,"_project_color":"","_project_color_auto":"#25153c","footnotes":""},"categories":[5,6,52],"tags":[111,112,113,114,109,110,115],"class_list":["post-821","post","type-post","status-publish","format-standard","has-post-thumbnail","hentry","category-events","category-news","category-tourism","tag-barcelona-festivals","tag-cultura-catalana","tag-eventos-barcelona-2025","tag-gastronomia-mediterranea","tag-la-merce-festival-2025","tag-piromusical-montjuic","tag-restaurante-micu-maku"],"yoast_head":"<!-- This site is optimized with the Yoast SEO plugin v27.2 - https:\/\/yoast.com\/product\/yoast-seo-wordpress\/ -->\n<title>\u201cExperience La Merc\u00e8 Festival 2025 in Barcelona and Dine Mediterranean Style at Micu Maku\u201d - Micu Maku<\/title>\n<meta name=\"description\" content=\"Celebrate La Merc\u00e8 Festival 2025 in Barcelona with music, tradition and authentic Mediterranean dining at Micu Maku near the main events.\" \/>\n<meta name=\"robots\" content=\"index, follow, max-snippet:-1, max-image-preview:large, max-video-preview:-1\" \/>\n<link rel=\"canonical\" href=\"https:\/\/micumaku.com\/fr\/2025\/09\/23\/festival-la-merce-2025-barcelone-micu-maku\/\" \/>\n<meta property=\"og:locale\" content=\"fr_FR\" \/>\n<meta property=\"og:type\" content=\"article\" \/>\n<meta property=\"og:title\" content=\"\u201cExperience La Merc\u00e8 Festival 2025 in Barcelona and Dine Mediterranean Style at Micu Maku\u201d - Micu Maku\" \/>\n<meta property=\"og:description\" content=\"Celebrate La Merc\u00e8 Festival 2025 in Barcelona with music, tradition and authentic Mediterranean dining at Micu Maku near the main events.\" \/>\n<meta property=\"og:url\" content=\"https:\/\/micumaku.com\/fr\/2025\/09\/23\/festival-la-merce-2025-barcelone-micu-maku\/\" \/>\n<meta property=\"og:site_name\" content=\"Micu Maku\" \/>\n<meta property=\"article:publisher\" content=\"https:\/\/facebook.com\/micumaku\" \/>\n<meta property=\"article:published_time\" content=\"2025-09-23T13:36:13+00:00\" \/>\n<meta property=\"article:modified_time\" content=\"2025-09-25T09:22:40+00:00\" \/>\n<meta property=\"og:image\" content=\"https:\/\/micumaku.com\/wp-content\/uploads\/2025\/09\/festes-de-la-merce-2025-de-barcelona-programa-i-tot-el-que-has-de-saber.jpg\" \/>\n\t<meta property=\"og:image:width\" content=\"850\" \/>\n\t<meta property=\"og:image:height\" content=\"566\" \/>\n\t<meta property=\"og:image:type\" content=\"image\/jpeg\" \/>\n<meta name=\"author\" content=\"Eli MicuMaku\" \/>\n<meta name=\"twitter:card\" content=\"summary_large_image\" \/>\n<meta name=\"twitter:label1\" content=\"\u00c9crit par\" \/>\n\t<meta name=\"twitter:data1\" content=\"Eli MicuMaku\" \/>\n\t<meta name=\"twitter:label2\" content=\"Dur\u00e9e de lecture estim\u00e9e\" \/>\n\t<meta name=\"twitter:data2\" content=\"3 minutes\" \/>\n<script type=\"application\/ld+json\" class=\"yoast-schema-graph\">{\"@context\":\"https:\/\/schema.org\",\"@graph\":[{\"@type\":\"Article\",\"@id\":\"https:\/\/micumaku.com\/2025\/09\/23\/la-merce-festival-2025-barcelona-micu-maku\/#article\",\"isPartOf\":{\"@id\":\"https:\/\/micumaku.com\/2025\/09\/23\/la-merce-festival-2025-barcelona-micu-maku\/\"},\"author\":{\"name\":\"Eli MicuMaku\",\"@id\":\"https:\/\/micumaku.com\/#\/schema\/person\/b3dc50bdf351a2ee9a1cf7b93ed0827d\"},\"headline\":\"\u201cExperience La Merc\u00e8 Festival 2025 in Barcelona and Dine Mediterranean Style at Micu Maku\u201d\",\"datePublished\":\"2025-09-23T13:36:13+00:00\",\"dateModified\":\"2025-09-25T09:22:40+00:00\",\"mainEntityOfPage\":{\"@id\":\"https:\/\/micumaku.com\/2025\/09\/23\/la-merce-festival-2025-barcelona-micu-maku\/\"},\"wordCount\":566,\"publisher\":{\"@id\":\"https:\/\/micumaku.com\/#organization\"},\"image\":{\"@id\":\"https:\/\/micumaku.com\/2025\/09\/23\/la-merce-festival-2025-barcelona-micu-maku\/#primaryimage\"},\"thumbnailUrl\":\"https:\/\/micumaku.com\/wp-content\/uploads\/2025\/09\/festes-de-la-merce-2025-de-barcelona-programa-i-tot-el-que-has-de-saber.jpg\",\"keywords\":[\"Barcelona festivals\",\"Cultura catalana\",\"Eventos Barcelona 2025\",\"Gastronom\u00eda mediterr\u00e1nea\",\"La Merc\u00e8 Festival 2025\",\"Piromusical Montju\u00efc\",\"Restaurante Micu Maku\"],\"articleSection\":[\"Events\",\"News\",\"Tourism\"],\"inLanguage\":\"fr-FR\"},{\"@type\":\"WebPage\",\"@id\":\"https:\/\/micumaku.com\/2025\/09\/23\/la-merce-festival-2025-barcelona-micu-maku\/\",\"url\":\"https:\/\/micumaku.com\/2025\/09\/23\/la-merce-festival-2025-barcelona-micu-maku\/\",\"name\":\"\u201cExperience La Merc\u00e8 Festival 2025 in Barcelona and Dine Mediterranean Style at Micu Maku\u201d - Micu Maku\",\"isPartOf\":{\"@id\":\"https:\/\/micumaku.com\/#website\"},\"primaryImageOfPage\":{\"@id\":\"https:\/\/micumaku.com\/2025\/09\/23\/la-merce-festival-2025-barcelona-micu-maku\/#primaryimage\"},\"image\":{\"@id\":\"https:\/\/micumaku.com\/2025\/09\/23\/la-merce-festival-2025-barcelona-micu-maku\/#primaryimage\"},\"thumbnailUrl\":\"https:\/\/micumaku.com\/wp-content\/uploads\/2025\/09\/festes-de-la-merce-2025-de-barcelona-programa-i-tot-el-que-has-de-saber.jpg\",\"datePublished\":\"2025-09-23T13:36:13+00:00\",\"dateModified\":\"2025-09-25T09:22:40+00:00\",\"description\":\"Celebrate La Merc\u00e8 Festival 2025 in Barcelona with music, tradition and authentic Mediterranean dining at Micu Maku near the main events.\",\"breadcrumb\":{\"@id\":\"https:\/\/micumaku.com\/2025\/09\/23\/la-merce-festival-2025-barcelona-micu-maku\/#breadcrumb\"},\"inLanguage\":\"fr-FR\",\"potentialAction\":[{\"@type\":\"ReadAction\",\"target\":[\"https:\/\/micumaku.com\/2025\/09\/23\/la-merce-festival-2025-barcelona-micu-maku\/\"]}]},{\"@type\":\"ImageObject\",\"inLanguage\":\"fr-FR\",\"@id\":\"https:\/\/micumaku.com\/2025\/09\/23\/la-merce-festival-2025-barcelona-micu-maku\/#primaryimage\",\"url\":\"https:\/\/micumaku.com\/wp-content\/uploads\/2025\/09\/festes-de-la-merce-2025-de-barcelona-programa-i-tot-el-que-has-de-saber.jpg\",\"contentUrl\":\"https:\/\/micumaku.com\/wp-content\/uploads\/2025\/09\/festes-de-la-merce-2025-de-barcelona-programa-i-tot-el-que-has-de-saber.jpg\",\"width\":850,\"height\":566,\"caption\":\"\u201cThe Piromusical at Montju\u00efc, the dazzling closing show of La Merc\u00e8 Festival 2025 in Barcelona with fireworks, music and lights.\u201d\"},{\"@type\":\"BreadcrumbList\",\"@id\":\"https:\/\/micumaku.com\/2025\/09\/23\/la-merce-festival-2025-barcelona-micu-maku\/#breadcrumb\",\"itemListElement\":[{\"@type\":\"ListItem\",\"position\":1,\"name\":\"Home\",\"item\":\"https:\/\/micumaku.com\/\"},{\"@type\":\"ListItem\",\"position\":2,\"name\":\"\u201cExperience La Merc\u00e8 Festival 2025 in Barcelona and Dine Mediterranean Style at Micu Maku\u201d\"}]},{\"@type\":\"WebSite\",\"@id\":\"https:\/\/micumaku.com\/#website\",\"url\":\"https:\/\/micumaku.com\/\",\"name\":\"Micu Maku\",\"description\":\"Mediterranean cuisine and burgers\",\"publisher\":{\"@id\":\"https:\/\/micumaku.com\/#organization\"},\"potentialAction\":[{\"@type\":\"SearchAction\",\"target\":{\"@type\":\"EntryPoint\",\"urlTemplate\":\"https:\/\/micumaku.com\/?s={search_term_string}\"},\"query-input\":{\"@type\":\"PropertyValueSpecification\",\"valueRequired\":true,\"valueName\":\"search_term_string\"}}],\"inLanguage\":\"fr-FR\"},{\"@type\":\"Organization\",\"@id\":\"https:\/\/micumaku.com\/#organization\",\"name\":\"Micu Maku\",\"url\":\"https:\/\/micumaku.com\/\",\"logo\":{\"@type\":\"ImageObject\",\"inLanguage\":\"fr-FR\",\"@id\":\"https:\/\/micumaku.com\/#\/schema\/logo\/image\/\",\"url\":\"https:\/\/micumaku.com\/wp-content\/uploads\/2025\/01\/cropped-LOGO-PLANO-TRANSP.png\",\"contentUrl\":\"https:\/\/micumaku.com\/wp-content\/uploads\/2025\/01\/cropped-LOGO-PLANO-TRANSP.png\",\"width\":1835,\"height\":500,\"caption\":\"Micu Maku\"},\"image\":{\"@id\":\"https:\/\/micumaku.com\/#\/schema\/logo\/image\/\"},\"sameAs\":[\"https:\/\/facebook.com\/micumaku\",\"https:\/\/instagram.com\/micumaku\"]},{\"@type\":\"Person\",\"@id\":\"https:\/\/micumaku.com\/#\/schema\/person\/b3dc50bdf351a2ee9a1cf7b93ed0827d\",\"name\":\"Eli MicuMaku\",\"image\":{\"@type\":\"ImageObject\",\"inLanguage\":\"fr-FR\",\"@id\":\"https:\/\/secure.gravatar.com\/avatar\/0d190a92e52c1b170f5671b4bc41ece870afb9b76422cf76d43c9b6b27a60468?s=96&d=mm&r=g\",\"url\":\"https:\/\/secure.gravatar.com\/avatar\/0d190a92e52c1b170f5671b4bc41ece870afb9b76422cf76d43c9b6b27a60468?s=96&d=mm&r=g\",\"contentUrl\":\"https:\/\/secure.gravatar.com\/avatar\/0d190a92e52c1b170f5671b4bc41ece870afb9b76422cf76d43c9b6b27a60468?s=96&d=mm&r=g\",\"caption\":\"Eli MicuMaku\"},\"url\":\"https:\/\/micumaku.com\/fr\/author\/micumakueli\/\"}]}<\/script>\n<!-- \/ Yoast SEO plugin. -->","yoast_head_json":{"title":"\u201cVivez le festival La Merc\u00e8 2025 \u00e0 Barcelone et d\u00eenez \u00e0 la m\u00e9diterran\u00e9enne chez Micu Maku\u201d - Micu Maku","description":"C\u00e9l\u00e9brez le festival La Merc\u00e8 2025 \u00e0 Barcelone avec de la musique, des traditions et une cuisine m\u00e9diterran\u00e9enne authentique \u00e0 Micu Maku, \u00e0 proximit\u00e9 des principaux \u00e9v\u00e9nements.","robots":{"index":"index","follow":"follow","max-snippet":"max-snippet:-1","max-image-preview":"max-image-preview:large","max-video-preview":"max-video-preview:-1"},"canonical":"https:\/\/micumaku.com\/fr\/2025\/09\/23\/festival-la-merce-2025-barcelone-micu-maku\/","og_locale":"fr_FR","og_type":"article","og_title":"\u201cExperience La Merc\u00e8 Festival 2025 in Barcelona and Dine Mediterranean Style at Micu Maku\u201d - Micu Maku","og_description":"Celebrate La Merc\u00e8 Festival 2025 in Barcelona with music, tradition and authentic Mediterranean dining at Micu Maku near the main events.","og_url":"https:\/\/micumaku.com\/fr\/2025\/09\/23\/festival-la-merce-2025-barcelone-micu-maku\/","og_site_name":"Micu Maku","article_publisher":"https:\/\/facebook.com\/micumaku","article_published_time":"2025-09-23T13:36:13+00:00","article_modified_time":"2025-09-25T09:22:40+00:00","og_image":[{"width":850,"height":566,"url":"https:\/\/micumaku.com\/wp-content\/uploads\/2025\/09\/festes-de-la-merce-2025-de-barcelona-programa-i-tot-el-que-has-de-saber.jpg","type":"image\/jpeg"}],"author":"Eli MicuMaku","twitter_card":"summary_large_image","twitter_misc":{"\u00c9crit par":"Eli MicuMaku","Dur\u00e9e de lecture estim\u00e9e":"3 minutes"},"schema":{"@context":"https:\/\/schema.org","@graph":[{"@type":"Article","@id":"https:\/\/micumaku.com\/2025\/09\/23\/la-merce-festival-2025-barcelona-micu-maku\/#article","isPartOf":{"@id":"https:\/\/micumaku.com\/2025\/09\/23\/la-merce-festival-2025-barcelona-micu-maku\/"},"author":{"name":"Eli MicuMaku","@id":"https:\/\/micumaku.com\/#\/schema\/person\/b3dc50bdf351a2ee9a1cf7b93ed0827d"},"headline":"\u201cExperience La Merc\u00e8 Festival 2025 in Barcelona and Dine Mediterranean Style at Micu Maku\u201d","datePublished":"2025-09-23T13:36:13+00:00","dateModified":"2025-09-25T09:22:40+00:00","mainEntityOfPage":{"@id":"https:\/\/micumaku.com\/2025\/09\/23\/la-merce-festival-2025-barcelona-micu-maku\/"},"wordCount":566,"publisher":{"@id":"https:\/\/micumaku.com\/#organization"},"image":{"@id":"https:\/\/micumaku.com\/2025\/09\/23\/la-merce-festival-2025-barcelona-micu-maku\/#primaryimage"},"thumbnailUrl":"https:\/\/micumaku.com\/wp-content\/uploads\/2025\/09\/festes-de-la-merce-2025-de-barcelona-programa-i-tot-el-que-has-de-saber.jpg","keywords":["Barcelona festivals","Cultura catalana","Eventos Barcelona 2025","Gastronom\u00eda mediterr\u00e1nea","La Merc\u00e8 Festival 2025","Piromusical Montju\u00efc","Restaurante Micu Maku"],"articleSection":["Events","News","Tourism"],"inLanguage":"fr-FR"},{"@type":"WebPage","@id":"https:\/\/micumaku.com\/2025\/09\/23\/la-merce-festival-2025-barcelona-micu-maku\/","url":"https:\/\/micumaku.com\/2025\/09\/23\/la-merce-festival-2025-barcelona-micu-maku\/","name":"\u201cVivez le festival La Merc\u00e8 2025 \u00e0 Barcelone et d\u00eenez \u00e0 la m\u00e9diterran\u00e9enne chez Micu Maku\u201d - Micu Maku","isPartOf":{"@id":"https:\/\/micumaku.com\/#website"},"primaryImageOfPage":{"@id":"https:\/\/micumaku.com\/2025\/09\/23\/la-merce-festival-2025-barcelona-micu-maku\/#primaryimage"},"image":{"@id":"https:\/\/micumaku.com\/2025\/09\/23\/la-merce-festival-2025-barcelona-micu-maku\/#primaryimage"},"thumbnailUrl":"https:\/\/micumaku.com\/wp-content\/uploads\/2025\/09\/festes-de-la-merce-2025-de-barcelona-programa-i-tot-el-que-has-de-saber.jpg","datePublished":"2025-09-23T13:36:13+00:00","dateModified":"2025-09-25T09:22:40+00:00","description":"C\u00e9l\u00e9brez le festival La Merc\u00e8 2025 \u00e0 Barcelone avec de la musique, des traditions et une cuisine m\u00e9diterran\u00e9enne authentique \u00e0 Micu Maku, \u00e0 proximit\u00e9 des principaux \u00e9v\u00e9nements.","breadcrumb":{"@id":"https:\/\/micumaku.com\/2025\/09\/23\/la-merce-festival-2025-barcelona-micu-maku\/#breadcrumb"},"inLanguage":"fr-FR","potentialAction":[{"@type":"ReadAction","target":["https:\/\/micumaku.com\/2025\/09\/23\/la-merce-festival-2025-barcelona-micu-maku\/"]}]},{"@type":"ImageObject","inLanguage":"fr-FR","@id":"https:\/\/micumaku.com\/2025\/09\/23\/la-merce-festival-2025-barcelona-micu-maku\/#primaryimage","url":"https:\/\/micumaku.com\/wp-content\/uploads\/2025\/09\/festes-de-la-merce-2025-de-barcelona-programa-i-tot-el-que-has-de-saber.jpg","contentUrl":"https:\/\/micumaku.com\/wp-content\/uploads\/2025\/09\/festes-de-la-merce-2025-de-barcelona-programa-i-tot-el-que-has-de-saber.jpg","width":850,"height":566,"caption":"\u201cThe Piromusical at Montju\u00efc, the dazzling closing show of La Merc\u00e8 Festival 2025 in Barcelona with fireworks, music and lights.\u201d"},{"@type":"BreadcrumbList","@id":"https:\/\/micumaku.com\/2025\/09\/23\/la-merce-festival-2025-barcelona-micu-maku\/#breadcrumb","itemListElement":[{"@type":"ListItem","position":1,"name":"Home","item":"https:\/\/micumaku.com\/"},{"@type":"ListItem","position":2,"name":"\u201cExperience La Merc\u00e8 Festival 2025 in Barcelona and Dine Mediterranean Style at Micu Maku\u201d"}]},{"@type":"WebSite","@id":"https:\/\/micumaku.com\/#website","url":"https:\/\/micumaku.com\/","name":"Micu Maku","description":"Cuisine m\u00e9diterran\u00e9enne et hamburgers","publisher":{"@id":"https:\/\/micumaku.com\/#organization"},"potentialAction":[{"@type":"SearchAction","target":{"@type":"EntryPoint","urlTemplate":"https:\/\/micumaku.com\/?s={search_term_string}"},"query-input":{"@type":"PropertyValueSpecification","valueRequired":true,"valueName":"search_term_string"}}],"inLanguage":"fr-FR"},{"@type":"Organization","@id":"https:\/\/micumaku.com\/#organization","name":"Micu Maku","url":"https:\/\/micumaku.com\/","logo":{"@type":"ImageObject","inLanguage":"fr-FR","@id":"https:\/\/micumaku.com\/#\/schema\/logo\/image\/","url":"https:\/\/micumaku.com\/wp-content\/uploads\/2025\/01\/cropped-LOGO-PLANO-TRANSP.png","contentUrl":"https:\/\/micumaku.com\/wp-content\/uploads\/2025\/01\/cropped-LOGO-PLANO-TRANSP.png","width":1835,"height":500,"caption":"Micu Maku"},"image":{"@id":"https:\/\/micumaku.com\/#\/schema\/logo\/image\/"},"sameAs":["https:\/\/facebook.com\/micumaku","https:\/\/instagram.com\/micumaku"]},{"@type":"Person","@id":"https:\/\/micumaku.com\/#\/schema\/person\/b3dc50bdf351a2ee9a1cf7b93ed0827d","name":"Eli MicuMaku","image":{"@type":"ImageObject","inLanguage":"fr-FR","@id":"https:\/\/secure.gravatar.com\/avatar\/0d190a92e52c1b170f5671b4bc41ece870afb9b76422cf76d43c9b6b27a60468?s=96&d=mm&r=g","url":"https:\/\/secure.gravatar.com\/avatar\/0d190a92e52c1b170f5671b4bc41ece870afb9b76422cf76d43c9b6b27a60468?s=96&d=mm&r=g","contentUrl":"https:\/\/secure.gravatar.com\/avatar\/0d190a92e52c1b170f5671b4bc41ece870afb9b76422cf76d43c9b6b27a60468?s=96&d=mm&r=g","caption":"Eli MicuMaku"},"url":"https:\/\/micumaku.com\/fr\/author\/micumakueli\/"}]}},"_links":{"self":[{"href":"https:\/\/micumaku.com\/fr\/wp-json\/wp\/v2\/posts\/821","targetHints":{"allow":["GET"]}}],"collection":[{"href":"https:\/\/micumaku.com\/fr\/wp-json\/wp\/v2\/posts"}],"about":[{"href":"https:\/\/micumaku.com\/fr\/wp-json\/wp\/v2\/types\/post"}],"author":[{"embeddable":true,"href":"https:\/\/micumaku.com\/fr\/wp-json\/wp\/v2\/users\/2"}],"replies":[{"embeddable":true,"href":"https:\/\/micumaku.com\/fr\/wp-json\/wp\/v2\/comments?post=821"}],"version-history":[{"count":1,"href":"https:\/\/micumaku.com\/fr\/wp-json\/wp\/v2\/posts\/821\/revisions"}],"predecessor-version":[{"id":822,"href":"https:\/\/micumaku.com\/fr\/wp-json\/wp\/v2\/posts\/821\/revisions\/822"}],"wp:featuredmedia":[{"embeddable":true,"href":"https:\/\/micumaku.com\/fr\/wp-json\/wp\/v2\/media\/823"}],"wp:attachment":[{"href":"https:\/\/micumaku.com\/fr\/wp-json\/wp\/v2\/media?parent=821"}],"wp:term":[{"taxonomy":"category","embeddable":true,"href":"https:\/\/micumaku.com\/fr\/wp-json\/wp\/v2\/categories?post=821"},{"taxonomy":"post_tag","embeddable":true,"href":"https:\/\/micumaku.com\/fr\/wp-json\/wp\/v2\/tags?post=821"}],"curies":[{"name":"wp","href":"https:\/\/api.w.org\/{rel}","templated":true}]}}