{"id":764,"date":"2025-06-17T15:47:37","date_gmt":"2025-06-17T13:47:37","guid":{"rendered":"https:\/\/micumaku.com\/?p=764"},"modified":"2025-06-17T15:47:39","modified_gmt":"2025-06-17T13:47:39","slug":"ristorante-sant-joan-barcellona","status":"publish","type":"post","link":"https:\/\/micumaku.com\/it\/2025\/06\/17\/sant-joan-restaurant-barcelona\/","title":{"rendered":"Sant Joan a Barcellona 2025: Festeggiare il solstizio d'estate con una cena mediterranea al MICU MAKU"},"content":{"rendered":"<p class=\"has-normal-font-size\">La notte del 23 giugno, <strong>Barcellona si accende di magia, fuoco e allegria<\/strong>. Il <strong>verbena di Sant Joan<\/strong> \u00e8 una delle feste pi\u00f9 attese dell'anno. Al nostro ristorante <strong>MICU MAKU<\/strong>, situato nel cuore della citt\u00e0, vi invitiamo a viverlo con sapori mediterranei, buona compagnia e un'indimenticabile serata culinaria in riva al mare.<\/p>\n\n\n\n<p class=\"has-normal-font-size\"><strong> La Verbena di Sant Joan: Una notte di storia, magia e tradizioni uniche<\/strong><\/p>\n\n\n\n<p class=\"has-normal-font-size\">Il <strong>Verbena di Sant Joan<\/strong> celebra il <strong>solstizio d'estate<\/strong>, \u00e8 il giorno pi\u00f9 lungo dell'anno e segna l'inizio di una nuova stagione piena di energia. Con radici sia pagane che cristiane, il fuoco svolge un ruolo simbolico fondamentale: rappresenta infatti <strong>purificazione, rinnovamento<\/strong>, e il desiderio di lasciarsi alle spalle il passato per dare il benvenuto a ci\u00f2 che verr\u00e0.<\/p>\n\n\n\n<p class=\"has-normal-font-size\"><strong>Conoscevate questi fatti divertenti su Sant Joan a Barcellona?<\/strong><\/p>\n\n\n\n<p class=\"has-normal-font-size\">Volete saperne di pi\u00f9 su questa notte magica? Ecco alcuni fatti sorprendenti su <strong>Come Barcellona festeggia Sant Joan<\/strong>:<\/p>\n\n\n\n<ul class=\"wp-block-list nb-list list-bullet-style is-style-no-connection sm-palette-1 sm-color-signal-0\" style=\"--nb-list-start-at:NaN;--nb-list-items-count:1\" data-palette=\"1\" data-palette-variation=\"1\" data-color-signal=\"0\">\n<li>\ud83c\udf86 I fuochi d'artificio vengono fatti esplodere per <strong>allontanare gli spiriti maligni<\/strong> e dare il benvenuto all'estate.<\/li>\n\n\n\n<li>\ud83d\udd25 I fal\u00f2 in spiaggia rappresentano la combustione della negativit\u00e0. \u00c8 tradizione <strong>scrivere un desiderio o qualcosa che si vuole lasciare andare su un pezzo di carta... e gettarlo nel fuoco<\/strong>.<\/li>\n\n\n\n<li>\ud83c\udf0a Si dice che <strong>acqua di mare di mezzanotte<\/strong> su Sant Joan ha <strong>poteri curativi e di fortuna<\/strong>.<\/li>\n\n\n\n<li>\ud83c\udf70 Nelle case catalane, la gente si gode il tradizionale <strong>\u201cCoca de Sant Joan\u201d<\/strong>, un pane dolce ricoperto di frutta candita e pinoli, perfetto con un bicchiere di cava.<\/li>\n\n\n\n<li>\ud83d\udca5 \u00c8 una delle uniche notti dell'anno in cui <strong>petardi e fuochi d'artificio sono consentiti liberamente<\/strong>, rendendola una delle notti pi\u00f9 rumorose e felici di Barcellona.<\/li>\n<\/ul>\n\n\n\n<p class=\"has-normal-font-size\">A Sant Joan la citt\u00e0 diventa viva, festosa e piena di luci. La gente del posto e i visitatori riempiono le spiagge e le strade per <strong>ballare, condividere e festeggiare<\/strong>. Si pu\u00f2 sentire il <strong>Spirito mediterraneo nell'aria<\/strong>.<\/p>\n\n\n\n<p class=\"has-normal-font-size\">A <strong>MICU MAKU<\/strong>, apriamo le nostre porte per rendere la vostra notte ancora pi\u00f9 magica, offrendovi un'esperienza unica nel suo genere. <strong>esperienza culinaria in riva al mare<\/strong>, ispirato alla tradizione mediterranea.<\/p>\n\n\n\n<p class=\"has-normal-font-size\"><strong>Cena di Sant Joan a Barcellona: Una celebrazione mediterranea al MICU MAKU<\/strong><\/p>\n\n\n\n<p class=\"has-normal-font-size\">Unisciti a noi a <strong>MICU MAKU<\/strong> per una cena di Sant Joan ricca di <strong>sapori autentici<\/strong>, Un ambiente festoso e un'ospitalit\u00e0 calorosa. Il nostro ristorante si trasforma in un gioioso spazio di celebrazione, con ottima musica, un servizio cordiale e una splendida terrazza dove si possono ammirare i fuochi d'artificio che illuminano il cielo di Barcellona.<\/p>\n\n\n\n<p class=\"has-normal-font-size\"><strong>Menu speciale Sant Joan 2025:<\/strong><\/p>\n\n\n\n<p class=\"has-normal-font-size\"><strong>\ud83e\uddc6 Da condividere:<\/strong><\/p>\n\n\n\n<ul class=\"wp-block-list nb-list list-bullet-style is-style-no-connection sm-palette-1 sm-color-signal-0\" style=\"--nb-list-start-at:NaN;--nb-list-items-count:1\" data-palette=\"1\" data-palette-variation=\"1\" data-color-signal=\"0\">\n<li>Crocchette di prosciutto iberico<\/li>\n\n\n\n<li>Calamari alla andalusa<\/li>\n\n\n\n<li>Patatas bravas con alioli fatti in casa<\/li>\n<\/ul>\n\n\n\n<p class=\"has-normal-font-size\"><strong>\ud83e\udd58 Piatti dell'anima mediterranea:<\/strong><\/p>\n\n\n\n<ul class=\"wp-block-list nb-list list-bullet-style is-style-no-connection sm-palette-1 sm-color-signal-0\" style=\"--nb-list-start-at:NaN;--nb-list-items-count:1\" data-palette=\"1\" data-palette-variation=\"1\" data-color-signal=\"0\">\n<li>Paella ai frutti di mare<\/li>\n\n\n\n<li>Riso nero<\/li>\n\n\n\n<li>Fideu\u00e1 tradizionale<\/li>\n\n\n\n<li>Hamburger gourmet<\/li>\n<\/ul>\n\n\n\n<p class=\"has-normal-font-size\"><strong>\ud83c\udf77 Bevande con cui brindare:<\/strong><\/p>\n\n\n\n<ul class=\"wp-block-list nb-list list-bullet-style is-style-no-connection sm-palette-1 sm-color-signal-0\" style=\"--nb-list-start-at:NaN;--nb-list-items-count:1\" data-palette=\"1\" data-palette-variation=\"1\" data-color-signal=\"0\">\n<li>Sangria di Cava e vino rosso<\/li>\n\n\n\n<li>Selezione di vini della casa<\/li>\n\n\n\n<li>Cocktail d'autore<\/li>\n<\/ul>\n\n\n\n<p class=\"has-normal-font-size\"><strong>\ud83c\udf70 Dolcezza finale:<\/strong><\/p>\n\n\n\n<ul class=\"wp-block-list nb-list list-bullet-style is-style-no-connection sm-palette-1 sm-color-signal-0\" style=\"--nb-list-start-at:NaN;--nb-list-items-count:1\" data-palette=\"1\" data-palette-variation=\"1\" data-color-signal=\"0\">\n<li>Cr\u00e8me br\u00fbl\u00e9e catalana<\/li>\n\n\n\n<li>Cheesecake fatta in casa<\/li>\n\n\n\n<li>Gelato artigianale<br>\ud83d\udc49 Scoprite il nostro menu completo <a href=\"https:\/\/micumaku.com\/it\/menu-aribau\/\">qui<\/a><br><br><strong>Rendete magico questo Sant Joan 2025 al MICU MAKU<\/strong><\/li>\n\n\n\n<li>Questo <strong>Sant Joan 2025 a Barcellona<\/strong>, godetevi una notte davvero indimenticabile al MICU MAKU, dove:<\/li>\n\n\n\n<li>La cucina mediterranea incontra la tradizione locale<\/li>\n\n\n\n<li>Un'atmosfera festosa e autentica vi aspetta<\/li>\n\n\n\n<li>Un servizio personalizzato e cordiale vi far\u00e0 sentire come a casa vostra<\/li>\n\n\n\n<li>La nostra terrazza offre uno dei punti migliori per guardare i fuochi d'artificio sul mare<\/li>\n\n\n\n<li>Fate in modo che il vostro <strong>Cena a Sant Joan<\/strong> un'esperienza unica a Barcellona.<\/li>\n\n\n\n<li><strong>Prenota ora il tuo tavolo<\/strong> e festeggiare una serata all'insegna del gusto, della tradizione e della vista sul mare.<\/li>\n\n\n\n<li>\ud83d\udc49 <a href=\"https:\/\/micumaku.com\/it\/prenotazione-aribau\/\">Prenotate qui e preparatevi a trascorrere una notte indimenticabile a Sant Joan.<\/a><\/li>\n<\/ul>\n\n\n\n<p class=\"has-normal-font-size\"><\/p>","protected":false},"excerpt":{"rendered":"<p>On the night of June 23rd, Barcelona lights up with magic, fire, and joy. The verbena of Sant Joan is one of the most anticipated [&hellip;]<\/p>\n","protected":false},"author":2,"featured_media":765,"comment_status":"open","ping_status":"open","sticky":false,"template":"","format":"standard","meta":{"novablocks_hero_scroll_indicator":false,"novablocks_hero_position_indicators":false,"supernova_prevent_duplicate":false,"_project_color":"","_project_color_auto":"#b45464","footnotes":""},"categories":[52],"tags":[59,93,94,35,92],"class_list":["post-764","post","type-post","status-publish","format-standard","has-post-thumbnail","hentry","category-tourism","tag-authentic-spanish-paella","tag-barcelonabynight","tag-mediterraneandinner","tag-paella","tag-santjoan2025"],"yoast_head":"<!-- This site is optimized with the Yoast SEO plugin v27.2 - https:\/\/yoast.com\/product\/yoast-seo-wordpress\/ -->\n<title>Sant Joan in Barcelona 2025: Celebrate the Summer Solstice with a Mediterranean Dinner at MICU MAKU - Micu Maku<\/title>\n<meta name=\"description\" content=\"Enjoy a magical Sant Joan night in central Barcelona with Mediterranean flavors, fireworks, and festive atmosphere at MICU MAKU.\" \/>\n<meta name=\"robots\" content=\"index, follow, max-snippet:-1, max-image-preview:large, max-video-preview:-1\" \/>\n<link rel=\"canonical\" href=\"https:\/\/micumaku.com\/it\/2025\/06\/17\/ristorante-sant-joan-barcellona\/\" \/>\n<meta property=\"og:locale\" content=\"it_IT\" \/>\n<meta property=\"og:type\" content=\"article\" \/>\n<meta property=\"og:title\" content=\"Sant Joan in Barcelona 2025: Celebrate the Summer Solstice with a Mediterranean Dinner at MICU MAKU - Micu Maku\" \/>\n<meta property=\"og:description\" content=\"Enjoy a magical Sant Joan night in central Barcelona with Mediterranean flavors, fireworks, and festive atmosphere at MICU MAKU.\" \/>\n<meta property=\"og:url\" content=\"https:\/\/micumaku.com\/it\/2025\/06\/17\/ristorante-sant-joan-barcellona\/\" \/>\n<meta property=\"og:site_name\" content=\"Micu Maku\" \/>\n<meta property=\"article:publisher\" content=\"https:\/\/facebook.com\/micumaku\" \/>\n<meta property=\"article:published_time\" content=\"2025-06-17T13:47:37+00:00\" \/>\n<meta property=\"article:modified_time\" content=\"2025-06-17T13:47:39+00:00\" \/>\n<meta property=\"og:image\" content=\"https:\/\/micumaku.com\/wp-content\/uploads\/2025\/06\/91182platjaaro-sant-joan.jpg\" \/>\n\t<meta property=\"og:image:width\" content=\"600\" \/>\n\t<meta property=\"og:image:height\" content=\"400\" \/>\n\t<meta property=\"og:image:type\" content=\"image\/jpeg\" \/>\n<meta name=\"author\" content=\"Eli MicuMaku\" \/>\n<meta name=\"twitter:card\" content=\"summary_large_image\" \/>\n<meta name=\"twitter:label1\" content=\"Scritto da\" \/>\n\t<meta name=\"twitter:data1\" content=\"Eli MicuMaku\" \/>\n\t<meta name=\"twitter:label2\" content=\"Tempo di lettura stimato\" \/>\n\t<meta name=\"twitter:data2\" content=\"3 minuti\" \/>\n<script type=\"application\/ld+json\" class=\"yoast-schema-graph\">{\"@context\":\"https:\/\/schema.org\",\"@graph\":[{\"@type\":\"Article\",\"@id\":\"https:\/\/micumaku.com\/2025\/06\/17\/sant-joan-restaurant-barcelona\/#article\",\"isPartOf\":{\"@id\":\"https:\/\/micumaku.com\/2025\/06\/17\/sant-joan-restaurant-barcelona\/\"},\"author\":{\"name\":\"Eli MicuMaku\",\"@id\":\"https:\/\/micumaku.com\/#\/schema\/person\/b3dc50bdf351a2ee9a1cf7b93ed0827d\"},\"headline\":\"Sant Joan in Barcelona 2025: Celebrate the Summer Solstice with a Mediterranean Dinner at MICU MAKU\",\"datePublished\":\"2025-06-17T13:47:37+00:00\",\"dateModified\":\"2025-06-17T13:47:39+00:00\",\"mainEntityOfPage\":{\"@id\":\"https:\/\/micumaku.com\/2025\/06\/17\/sant-joan-restaurant-barcelona\/\"},\"wordCount\":556,\"commentCount\":0,\"publisher\":{\"@id\":\"https:\/\/micumaku.com\/#organization\"},\"image\":{\"@id\":\"https:\/\/micumaku.com\/2025\/06\/17\/sant-joan-restaurant-barcelona\/#primaryimage\"},\"thumbnailUrl\":\"https:\/\/micumaku.com\/wp-content\/uploads\/2025\/06\/91182platjaaro-sant-joan.jpg\",\"keywords\":[\"Authentic Spanish paella\",\"BarcelonaByNight\",\"MediterraneanDinner\",\"paella\",\"SantJoan2025\"],\"articleSection\":[\"Tourism\"],\"inLanguage\":\"it-IT\",\"potentialAction\":[{\"@type\":\"CommentAction\",\"name\":\"Comment\",\"target\":[\"https:\/\/micumaku.com\/2025\/06\/17\/sant-joan-restaurant-barcelona\/#respond\"]}]},{\"@type\":\"WebPage\",\"@id\":\"https:\/\/micumaku.com\/2025\/06\/17\/sant-joan-restaurant-barcelona\/\",\"url\":\"https:\/\/micumaku.com\/2025\/06\/17\/sant-joan-restaurant-barcelona\/\",\"name\":\"Sant Joan in Barcelona 2025: Celebrate the Summer Solstice with a Mediterranean Dinner at MICU MAKU - Micu Maku\",\"isPartOf\":{\"@id\":\"https:\/\/micumaku.com\/#website\"},\"primaryImageOfPage\":{\"@id\":\"https:\/\/micumaku.com\/2025\/06\/17\/sant-joan-restaurant-barcelona\/#primaryimage\"},\"image\":{\"@id\":\"https:\/\/micumaku.com\/2025\/06\/17\/sant-joan-restaurant-barcelona\/#primaryimage\"},\"thumbnailUrl\":\"https:\/\/micumaku.com\/wp-content\/uploads\/2025\/06\/91182platjaaro-sant-joan.jpg\",\"datePublished\":\"2025-06-17T13:47:37+00:00\",\"dateModified\":\"2025-06-17T13:47:39+00:00\",\"description\":\"Enjoy a magical Sant Joan night in central Barcelona with Mediterranean flavors, fireworks, and festive atmosphere at MICU MAKU.\",\"breadcrumb\":{\"@id\":\"https:\/\/micumaku.com\/2025\/06\/17\/sant-joan-restaurant-barcelona\/#breadcrumb\"},\"inLanguage\":\"it-IT\",\"potentialAction\":[{\"@type\":\"ReadAction\",\"target\":[\"https:\/\/micumaku.com\/2025\/06\/17\/sant-joan-restaurant-barcelona\/\"]}]},{\"@type\":\"ImageObject\",\"inLanguage\":\"it-IT\",\"@id\":\"https:\/\/micumaku.com\/2025\/06\/17\/sant-joan-restaurant-barcelona\/#primaryimage\",\"url\":\"https:\/\/micumaku.com\/wp-content\/uploads\/2025\/06\/91182platjaaro-sant-joan.jpg\",\"contentUrl\":\"https:\/\/micumaku.com\/wp-content\/uploads\/2025\/06\/91182platjaaro-sant-joan.jpg\",\"width\":600,\"height\":400,\"caption\":\"sanjoan\"},{\"@type\":\"BreadcrumbList\",\"@id\":\"https:\/\/micumaku.com\/2025\/06\/17\/sant-joan-restaurant-barcelona\/#breadcrumb\",\"itemListElement\":[{\"@type\":\"ListItem\",\"position\":1,\"name\":\"Home\",\"item\":\"https:\/\/micumaku.com\/\"},{\"@type\":\"ListItem\",\"position\":2,\"name\":\"Sant Joan in Barcelona 2025: Celebrate the Summer Solstice with a Mediterranean Dinner at MICU MAKU\"}]},{\"@type\":\"WebSite\",\"@id\":\"https:\/\/micumaku.com\/#website\",\"url\":\"https:\/\/micumaku.com\/\",\"name\":\"Micu Maku\",\"description\":\"Mediterranean cuisine and burgers\",\"publisher\":{\"@id\":\"https:\/\/micumaku.com\/#organization\"},\"potentialAction\":[{\"@type\":\"SearchAction\",\"target\":{\"@type\":\"EntryPoint\",\"urlTemplate\":\"https:\/\/micumaku.com\/?s={search_term_string}\"},\"query-input\":{\"@type\":\"PropertyValueSpecification\",\"valueRequired\":true,\"valueName\":\"search_term_string\"}}],\"inLanguage\":\"it-IT\"},{\"@type\":\"Organization\",\"@id\":\"https:\/\/micumaku.com\/#organization\",\"name\":\"Micu Maku\",\"url\":\"https:\/\/micumaku.com\/\",\"logo\":{\"@type\":\"ImageObject\",\"inLanguage\":\"it-IT\",\"@id\":\"https:\/\/micumaku.com\/#\/schema\/logo\/image\/\",\"url\":\"https:\/\/micumaku.com\/wp-content\/uploads\/2025\/01\/cropped-LOGO-PLANO-TRANSP.png\",\"contentUrl\":\"https:\/\/micumaku.com\/wp-content\/uploads\/2025\/01\/cropped-LOGO-PLANO-TRANSP.png\",\"width\":1835,\"height\":500,\"caption\":\"Micu Maku\"},\"image\":{\"@id\":\"https:\/\/micumaku.com\/#\/schema\/logo\/image\/\"},\"sameAs\":[\"https:\/\/facebook.com\/micumaku\",\"https:\/\/instagram.com\/micumaku\"]},{\"@type\":\"Person\",\"@id\":\"https:\/\/micumaku.com\/#\/schema\/person\/b3dc50bdf351a2ee9a1cf7b93ed0827d\",\"name\":\"Eli MicuMaku\",\"image\":{\"@type\":\"ImageObject\",\"inLanguage\":\"it-IT\",\"@id\":\"https:\/\/secure.gravatar.com\/avatar\/0d190a92e52c1b170f5671b4bc41ece870afb9b76422cf76d43c9b6b27a60468?s=96&d=mm&r=g\",\"url\":\"https:\/\/secure.gravatar.com\/avatar\/0d190a92e52c1b170f5671b4bc41ece870afb9b76422cf76d43c9b6b27a60468?s=96&d=mm&r=g\",\"contentUrl\":\"https:\/\/secure.gravatar.com\/avatar\/0d190a92e52c1b170f5671b4bc41ece870afb9b76422cf76d43c9b6b27a60468?s=96&d=mm&r=g\",\"caption\":\"Eli MicuMaku\"},\"url\":\"https:\/\/micumaku.com\/it\/author\/micumakueli\/\"}]}<\/script>\n<!-- \/ Yoast SEO plugin. -->","yoast_head_json":{"title":"Sant Joan a Barcellona 2025: Celebrate il solstizio d'estate con una cena mediterranea al MICU MAKU - Micu Maku","description":"Godetevi una magica notte di Sant Joan nel centro di Barcellona con sapori mediterranei, fuochi d'artificio e un'atmosfera festosa al MICU MAKU.","robots":{"index":"index","follow":"follow","max-snippet":"max-snippet:-1","max-image-preview":"max-image-preview:large","max-video-preview":"max-video-preview:-1"},"canonical":"https:\/\/micumaku.com\/it\/2025\/06\/17\/ristorante-sant-joan-barcellona\/","og_locale":"it_IT","og_type":"article","og_title":"Sant Joan in Barcelona 2025: Celebrate the Summer Solstice with a Mediterranean Dinner at MICU MAKU - Micu Maku","og_description":"Enjoy a magical Sant Joan night in central Barcelona with Mediterranean flavors, fireworks, and festive atmosphere at MICU MAKU.","og_url":"https:\/\/micumaku.com\/it\/2025\/06\/17\/ristorante-sant-joan-barcellona\/","og_site_name":"Micu Maku","article_publisher":"https:\/\/facebook.com\/micumaku","article_published_time":"2025-06-17T13:47:37+00:00","article_modified_time":"2025-06-17T13:47:39+00:00","og_image":[{"width":600,"height":400,"url":"https:\/\/micumaku.com\/wp-content\/uploads\/2025\/06\/91182platjaaro-sant-joan.jpg","type":"image\/jpeg"}],"author":"Eli MicuMaku","twitter_card":"summary_large_image","twitter_misc":{"Scritto da":"Eli MicuMaku","Tempo di lettura stimato":"3 minuti"},"schema":{"@context":"https:\/\/schema.org","@graph":[{"@type":"Article","@id":"https:\/\/micumaku.com\/2025\/06\/17\/sant-joan-restaurant-barcelona\/#article","isPartOf":{"@id":"https:\/\/micumaku.com\/2025\/06\/17\/sant-joan-restaurant-barcelona\/"},"author":{"name":"Eli MicuMaku","@id":"https:\/\/micumaku.com\/#\/schema\/person\/b3dc50bdf351a2ee9a1cf7b93ed0827d"},"headline":"Sant Joan in Barcelona 2025: Celebrate the Summer Solstice with a Mediterranean Dinner at MICU MAKU","datePublished":"2025-06-17T13:47:37+00:00","dateModified":"2025-06-17T13:47:39+00:00","mainEntityOfPage":{"@id":"https:\/\/micumaku.com\/2025\/06\/17\/sant-joan-restaurant-barcelona\/"},"wordCount":556,"commentCount":0,"publisher":{"@id":"https:\/\/micumaku.com\/#organization"},"image":{"@id":"https:\/\/micumaku.com\/2025\/06\/17\/sant-joan-restaurant-barcelona\/#primaryimage"},"thumbnailUrl":"https:\/\/micumaku.com\/wp-content\/uploads\/2025\/06\/91182platjaaro-sant-joan.jpg","keywords":["Authentic Spanish paella","BarcelonaByNight","MediterraneanDinner","paella","SantJoan2025"],"articleSection":["Tourism"],"inLanguage":"it-IT","potentialAction":[{"@type":"CommentAction","name":"Comment","target":["https:\/\/micumaku.com\/2025\/06\/17\/sant-joan-restaurant-barcelona\/#respond"]}]},{"@type":"WebPage","@id":"https:\/\/micumaku.com\/2025\/06\/17\/sant-joan-restaurant-barcelona\/","url":"https:\/\/micumaku.com\/2025\/06\/17\/sant-joan-restaurant-barcelona\/","name":"Sant Joan a Barcellona 2025: Celebrate il solstizio d'estate con una cena mediterranea al MICU MAKU - Micu Maku","isPartOf":{"@id":"https:\/\/micumaku.com\/#website"},"primaryImageOfPage":{"@id":"https:\/\/micumaku.com\/2025\/06\/17\/sant-joan-restaurant-barcelona\/#primaryimage"},"image":{"@id":"https:\/\/micumaku.com\/2025\/06\/17\/sant-joan-restaurant-barcelona\/#primaryimage"},"thumbnailUrl":"https:\/\/micumaku.com\/wp-content\/uploads\/2025\/06\/91182platjaaro-sant-joan.jpg","datePublished":"2025-06-17T13:47:37+00:00","dateModified":"2025-06-17T13:47:39+00:00","description":"Godetevi una magica notte di Sant Joan nel centro di Barcellona con sapori mediterranei, fuochi d'artificio e un'atmosfera festosa al MICU MAKU.","breadcrumb":{"@id":"https:\/\/micumaku.com\/2025\/06\/17\/sant-joan-restaurant-barcelona\/#breadcrumb"},"inLanguage":"it-IT","potentialAction":[{"@type":"ReadAction","target":["https:\/\/micumaku.com\/2025\/06\/17\/sant-joan-restaurant-barcelona\/"]}]},{"@type":"ImageObject","inLanguage":"it-IT","@id":"https:\/\/micumaku.com\/2025\/06\/17\/sant-joan-restaurant-barcelona\/#primaryimage","url":"https:\/\/micumaku.com\/wp-content\/uploads\/2025\/06\/91182platjaaro-sant-joan.jpg","contentUrl":"https:\/\/micumaku.com\/wp-content\/uploads\/2025\/06\/91182platjaaro-sant-joan.jpg","width":600,"height":400,"caption":"sanjoan"},{"@type":"BreadcrumbList","@id":"https:\/\/micumaku.com\/2025\/06\/17\/sant-joan-restaurant-barcelona\/#breadcrumb","itemListElement":[{"@type":"ListItem","position":1,"name":"Home","item":"https:\/\/micumaku.com\/"},{"@type":"ListItem","position":2,"name":"Sant Joan in Barcelona 2025: Celebrate the Summer Solstice with a Mediterranean Dinner at MICU MAKU"}]},{"@type":"WebSite","@id":"https:\/\/micumaku.com\/#website","url":"https:\/\/micumaku.com\/","name":"Micu Maku","description":"Cucina mediterranea e hamburger","publisher":{"@id":"https:\/\/micumaku.com\/#organization"},"potentialAction":[{"@type":"SearchAction","target":{"@type":"EntryPoint","urlTemplate":"https:\/\/micumaku.com\/?s={search_term_string}"},"query-input":{"@type":"PropertyValueSpecification","valueRequired":true,"valueName":"search_term_string"}}],"inLanguage":"it-IT"},{"@type":"Organization","@id":"https:\/\/micumaku.com\/#organization","name":"Micu Maku","url":"https:\/\/micumaku.com\/","logo":{"@type":"ImageObject","inLanguage":"it-IT","@id":"https:\/\/micumaku.com\/#\/schema\/logo\/image\/","url":"https:\/\/micumaku.com\/wp-content\/uploads\/2025\/01\/cropped-LOGO-PLANO-TRANSP.png","contentUrl":"https:\/\/micumaku.com\/wp-content\/uploads\/2025\/01\/cropped-LOGO-PLANO-TRANSP.png","width":1835,"height":500,"caption":"Micu Maku"},"image":{"@id":"https:\/\/micumaku.com\/#\/schema\/logo\/image\/"},"sameAs":["https:\/\/facebook.com\/micumaku","https:\/\/instagram.com\/micumaku"]},{"@type":"Person","@id":"https:\/\/micumaku.com\/#\/schema\/person\/b3dc50bdf351a2ee9a1cf7b93ed0827d","name":"Eli MicuMaku","image":{"@type":"ImageObject","inLanguage":"it-IT","@id":"https:\/\/secure.gravatar.com\/avatar\/0d190a92e52c1b170f5671b4bc41ece870afb9b76422cf76d43c9b6b27a60468?s=96&d=mm&r=g","url":"https:\/\/secure.gravatar.com\/avatar\/0d190a92e52c1b170f5671b4bc41ece870afb9b76422cf76d43c9b6b27a60468?s=96&d=mm&r=g","contentUrl":"https:\/\/secure.gravatar.com\/avatar\/0d190a92e52c1b170f5671b4bc41ece870afb9b76422cf76d43c9b6b27a60468?s=96&d=mm&r=g","caption":"Eli MicuMaku"},"url":"https:\/\/micumaku.com\/it\/author\/micumakueli\/"}]}},"_links":{"self":[{"href":"https:\/\/micumaku.com\/it\/wp-json\/wp\/v2\/posts\/764","targetHints":{"allow":["GET"]}}],"collection":[{"href":"https:\/\/micumaku.com\/it\/wp-json\/wp\/v2\/posts"}],"about":[{"href":"https:\/\/micumaku.com\/it\/wp-json\/wp\/v2\/types\/post"}],"author":[{"embeddable":true,"href":"https:\/\/micumaku.com\/it\/wp-json\/wp\/v2\/users\/2"}],"replies":[{"embeddable":true,"href":"https:\/\/micumaku.com\/it\/wp-json\/wp\/v2\/comments?post=764"}],"version-history":[{"count":1,"href":"https:\/\/micumaku.com\/it\/wp-json\/wp\/v2\/posts\/764\/revisions"}],"predecessor-version":[{"id":767,"href":"https:\/\/micumaku.com\/it\/wp-json\/wp\/v2\/posts\/764\/revisions\/767"}],"wp:featuredmedia":[{"embeddable":true,"href":"https:\/\/micumaku.com\/it\/wp-json\/wp\/v2\/media\/765"}],"wp:attachment":[{"href":"https:\/\/micumaku.com\/it\/wp-json\/wp\/v2\/media?parent=764"}],"wp:term":[{"taxonomy":"category","embeddable":true,"href":"https:\/\/micumaku.com\/it\/wp-json\/wp\/v2\/categories?post=764"},{"taxonomy":"post_tag","embeddable":true,"href":"https:\/\/micumaku.com\/it\/wp-json\/wp\/v2\/tags?post=764"}],"curies":[{"name":"wp","href":"https:\/\/api.w.org\/{rel}","templated":true}]}}