{"id":821,"date":"2025-09-23T15:36:13","date_gmt":"2025-09-23T13:36:13","guid":{"rendered":"https:\/\/micumaku.com\/?p=821"},"modified":"2025-09-25T11:22:40","modified_gmt":"2025-09-25T09:22:40","slug":"%e3%83%a9%e3%83%bb%e3%83%a1%e3%83%ab%e3%82%b9%e3%83%bb%e3%83%95%e3%82%a7%e3%82%b9%e3%83%86%e3%82%a3%e3%83%90%e3%83%ab2025-%e3%83%90%e3%83%ab%e3%82%bb%e3%83%ad%e3%83%8a%e3%83%bb%e3%83%9f%e3%82%af","status":"publish","type":"post","link":"https:\/\/micumaku.com\/ja\/2025\/09\/23\/la-merce-festival-2025-barcelona-micu-maku\/","title":{"rendered":"\u201c\u30d0\u30eb\u30bb\u30ed\u30ca\u306e\u30e9\u30fb\u30e1\u30eb\u30bb\u30fb\u30d5\u30a7\u30b9\u30c6\u30a3\u30d0\u30eb2025\u3092\u4f53\u9a13\u3057\u3001\u30df\u30af\u30fb\u30de\u30af\u3067\u5730\u4e2d\u6d77\u6599\u7406\u3092\u5473\u308f\u3046\u201d"},"content":{"rendered":"<p class=\"has-normal-font-size\">\u306b\u3064\u3044\u3066 <a href=\"https:\/\/www.barcelona.cat\/lamerce\/en\">\u30e9\u30fb\u30e1\u30eb\u30b7\u30a7\u30fb\u30d5\u30a7\u30b9\u30c6\u30a3\u30d0\u30eb 2025<\/a> \u304c\u9593\u8fd1\u306b\u8feb\u308a\u3001\u30d0\u30eb\u30bb\u30ed\u30ca\u306f1\u5e74\u3067\u6700\u3082\u6d3b\u6c17\u306b\u6e80\u3061\u305f\u65e5\u3005\u3092\u8fce\u3048\u308b\u6e96\u5099\u3092\u9032\u3081\u3066\u3044\u308b\u30029\u670823\u65e5\u304b\u308928\u65e5\u307e\u3067\u3001\u30d0\u30eb\u30bb\u30ed\u30ca\u306e\u5b88\u8b77\u8056\u4eba\u3067\u3042\u308b\u30e1\u30eb\u30bb\u30b9\u306e\u8056\u6bcd\uff08Mare de D\u00e9u de la Merc\u00e8\u3001\u6148\u60b2\u306e\u8056\u6bcd\uff09\u3092\u79f0\u3048\u308b\u3053\u306e\u796d\u308a\u306f\u3001\u97f3\u697d\u3001\u30d1\u30d5\u30a9\u30fc\u30de\u30f3\u30b9\u3001\u4f1d\u7d71\u884c\u4e8b\u306a\u3069\u306e\u30e6\u30cb\u30fc\u30af\u306a\u30d7\u30ed\u30b0\u30e9\u30e0\u3067\u3001\u4e16\u754c\u4e2d\u304b\u3089\u4f55\u5343\u4eba\u3082\u306e\u89b3\u5149\u5ba2\u304c\u8a2a\u308c\u307e\u3059\u3002.<\/p>\n\n\n\n<p class=\"has-normal-font-size\">\u30e9\u30fb\u30e1\u30eb\u30bb\u306e\u8d77\u6e90\u3068\u6b74\u53f2<\/p>\n\n\n\n<p class=\"has-normal-font-size\">\u3092\u795d\u3046\u3002 <a href=\"https:\/\/en.wikipedia.org\/wiki\/La_Merc%C3%A8\">\u30e9\u30fb\u30e1\u30eb\u30b7\u30a7<\/a> \u4f1d\u627f\u306b\u3088\u308b\u3068\u3001\u6148\u60b2\u306e\u8056\u6bcd\u304c\u6570\u4eba\u306e\u8056\u4eba\u306e\u524d\u306b\u73fe\u308c\u3001\u6355\u865c\u306e\u6551\u6e08\u3092\u76ee\u7684\u3068\u3059\u308b\u4fee\u9053\u4f1a\u3092\u8a2d\u7acb\u3059\u308b\u3088\u3046\u6c42\u3081\u305f\u306e\u304c13\u4e16\u7d00\u306b\u9061\u308b\u30021687\u5e74\u3001\u30a4\u30ca\u30b4\u306b\u3088\u308b\u58ca\u6ec5\u7684\u306a\u75ab\u75c5\u304b\u3089\u30d0\u30eb\u30bb\u30ed\u30ca\u3092\u5b88\u3063\u305f\u8056\u6bcd\u306f\u3001\u6b63\u5f0f\u306b\u30d0\u30eb\u30bb\u30ed\u30ca\u306e\u5b88\u8b77\u8056\u4eba\u3068\u306a\u3063\u305f\u3002.<\/p>\n\n\n\n<p class=\"has-normal-font-size\">\u305d\u308c\u4ee5\u6765\u3001\u6bce\u5e749\u6708\u3001\u30d0\u30eb\u30bb\u30ed\u30ca\u306f\u4fe1\u4ef0\u3001\u4f1d\u7d71\u3001\u6587\u5316\u306e\u30e6\u30cb\u30fc\u30af\u306a\u878d\u5408\u3067\u5b88\u8b77\u795e\u3092\u795d\u3063\u3066\u304d\u305f\u3002\u4f55\u4e16\u7d00\u306b\u3082\u308f\u305f\u308a\u3001\u30e9\u30fb\u30e1\u30eb\u30bb\u306f\u7d14\u7c8b\u306a\u5b97\u6559\u7684\u795d\u65e5\u304b\u3089\u3001\u30ab\u30bf\u30eb\u30fc\u30cb\u30e3\u306e\u4f1d\u7d71\u306e\u30a8\u30c3\u30bb\u30f3\u30b9\u3067\u3042\u308b\u5de8\u4eba\u3084\u5927\u982d\u306e\u30d1\u30ec\u30fc\u30c9\u3001\u30ab\u30b9\u30c6\u30e9\u30fc\uff08\u4eba\u9593\u306e\u5854\uff09\u3001\u30b3\u30ec\u30d5\u30a9\u30c3\u30af\uff08\u706b\u6e21\u308a\uff09\u3001\u30b5\u30eb\u30c0\u30ca\u30fb\u30c0\u30f3\u30b9\u306a\u3069\u3092\u7dad\u6301\u3057\u3064\u3064\u3001\u73fe\u4ee3\u30a2\u30fc\u30c8\u3001\u97f3\u697d\u3001\u56fd\u969b\u7684\u306a\u30d1\u30d5\u30a9\u30fc\u30de\u30f3\u30b9\u3092\u53d6\u308a\u5165\u308c\u305f\u73fe\u4ee3\u7684\u306a\u6587\u5316\u796d\u3078\u3068\u5909\u8c8c\u3092\u9042\u3052\u3066\u304d\u305f\u3002.<\/p>\n\n\n\n<p class=\"has-normal-font-size\">3\u4e16\u7d00\u4ee5\u4e0a\u306e\u6b74\u53f2\u3092\u6301\u3064\u30e9\u30fb\u30e1\u30eb\u30bb\u306f\u3001\u4eca\u65e5\u3001\u30e8\u30fc\u30ed\u30c3\u30d1\u3092\u4ee3\u8868\u3059\u308b\u90fd\u5e02\u578b\u30d5\u30a7\u30b9\u30c6\u30a3\u30d0\u30eb\u306e\u3072\u3068\u3064\u3067\u3042\u308b\u3002.<\/p>\n\n\n\n<p class=\"has-normal-font-size\">\u821e\u53f0\u3068\u306a\u308b\u90fd\u5e02<\/p>\n\n\n\n<p class=\"has-normal-font-size\">\u7d041\u9031\u9593\u3001\u30d0\u30eb\u30bb\u30ed\u30ca\u306f\u91ce\u5916\u30b9\u30c6\u30fc\u30b8\u306b\u5909\u8c8c\u3059\u308b\uff1a<\/p>\n\n\n\n<p class=\"has-normal-font-size\">\u5de8\u4eba\u3084\u5de8\u982d\u304c\u901a\u308a\u3092\u7df4\u308a\u6b69\u304f\u3002.<\/p>\n\n\n\n<p class=\"has-normal-font-size\">\u606f\u3092\u306e\u3080\u3088\u3046\u306a\u4eba\u9593\u306e\u5854\u3092\u5efa\u3066\u308b\u30ab\u30b9\u30c6\u30e9\u30fc\u305f\u3061\u3002.<\/p>\n\n\n\n<p class=\"has-normal-font-size\">\u60aa\u9b54\u3001\u708e\u3001\u706b\u82b1\u304c\u591c\u3092\u7167\u3089\u3059\u30b3\u30ec\u30d5\u30a9\u30c3\u30af\u3002.<\/p>\n\n\n\n<p class=\"has-normal-font-size\">BAM\u7121\u6599\u30b3\u30f3\u30b5\u30fc\u30c8 <a href=\"https:\/\/www.barcelona.cat\/lamerce\/en\/musica\">(\u30d0\u30eb\u30bb\u30ed\u30ca\u30fb\u30a2\u30af\u30b7\u30aa\u30fb\u30df\u30e5\u30fc\u30b8\u30ab\u30eb\uff09<\/a> \u56fd\u5185\u5916\u306e\u30a2\u30fc\u30c6\u30a3\u30b9\u30c8\u3092\u30d5\u30a3\u30fc\u30c1\u30e3\u30fc\u3002.<\/p>\n\n\n\n<p class=\"has-normal-font-size\">\u30b9\u30c8\u30ea\u30fc\u30c8\u30a2\u30fc\u30c8 <a href=\"https:\/\/www.barcelona.cat\/lamerce\/en\/mac\">MAC<\/a> (Merc\u00e8 Arts de Carrer\uff09\u3092\u5e83\u5834\u3084\u516c\u5712\u306b\u8a2d\u7f6e\u3002.<\/p>\n\n\n\n<p class=\"has-normal-font-size\">\u30d5\u30a1\u30df\u30ea\u30fc\u30fb\u30a2\u30af\u30c6\u30a3\u30d3\u30c6\u30a3\u3001\u30aa\u30fc\u30d7\u30f3\u30fb\u30df\u30e5\u30fc\u30b8\u30a2\u30e0\u3001\u305d\u3057\u3066\u30b0\u30e9\u30f3\u30c9\u30fb\u30d5\u30a3\u30ca\u30fc\u30ec\u3002 <a href=\"https:\/\/www.barcelona.cat\/lamerce\/en\/piromusical\">\u30e2\u30f3\u30b8\u30e5\u30a4\u30c3\u30af\u306e\u30d4\u30ed\u30df\u30e5\u30fc\u30b8\u30ab\u30eb<\/a>, \u97f3\u697d\u3068\u6c34\u3068\u82b1\u706b\u306e\u3081\u304f\u308b\u3081\u304f\u30b7\u30e7\u30fc\u304c\u796d\u308a\u3092\u7de0\u3081\u304f\u304f\u308b\u3002.<\/p>\n\n\n\n<p class=\"has-normal-font-size\">\u30e9\u30fb\u30e1\u30eb\u30b7\u30a7\uff1a\u30d5\u30a7\u30b9\u30c6\u30a3\u30d0\u30eb\u4ee5\u4e0a\u306e\u3082\u306e<\/p>\n\n\n\n<p class=\"has-normal-font-size\">\u30e9\u30fb\u30e1\u30eb\u30bb\uff08La Merc\u00e8\uff09\u306f\u5358\u306a\u308b\u5730\u5143\u306e\u304a\u796d\u308a\u3067\u306f\u306a\u304f\u3001\u30d0\u30eb\u30bb\u30ed\u30ca\u306e\u826f\u3055\u3092\u4e16\u754c\u306b\u767a\u4fe1\u3059\u308b\u6587\u5316\u4f53\u9a13\u306e\u5834\u3067\u3082\u3042\u308b\u3002\u4f1d\u7d71\u7684\u306a\u821e\u8e0a\u304b\u3089\u5730\u4e2d\u6d77\u306e\u7f8e\u98df\u307e\u3067\u3001\u30ab\u30bf\u30eb\u30fc\u30cb\u30e3\u306e\u30a2\u30a4\u30c7\u30f3\u30c6\u30a3\u30c6\u30a3\u3092\u697d\u3057\u3080\u6642\u3067\u3042\u308a\u3001\u3053\u306e\u65e5\u3001\u5bb6\u65cf\u3084\u53cb\u4eba\u3068\u306e\u96c6\u307e\u308a\u3067\u306f\u5e38\u306b\u4e2d\u5fc3\u7684\u306a\u5f79\u5272\u3092\u679c\u305f\u3059\u3002.<\/p>\n\n\n\n<p class=\"has-normal-font-size\">\u3060\u304b\u3089\u3053\u305d\u3001\u30a4\u30d9\u30f3\u30c8\u3084\u30b3\u30f3\u30b5\u30fc\u30c8\u3001\u30b7\u30e7\u30fc\u306e\u5408\u9593\u306b\u306f\u3001\u3053\u306e\u8857\u306e\u672c\u683c\u7684\u306a\u5730\u4e2d\u6d77\u6599\u7406\u3092\u697d\u3057\u3080\u305f\u3081\u306e\u4f11\u61a9\u304c\u6b20\u304b\u305b\u306a\u3044\u306e\u3060\u3002.<\/p>\n\n\n\n<p class=\"has-normal-font-size\"><a href=\"https:\/\/micumaku.com\/ja\/%e3%82%bf%e3%82%b0\/micumaku\/\">\u30df\u30af\u30fb\u30de\u30af<\/a>\u30e9\u30fb\u30e1\u30eb\u30b7\u30a7\u306e\u671f\u9593\u4e2d\u3001\u5730\u4e2d\u6d77\u3092\u8a2a\u308c\u3088\u3046<\/p>\n\n\n\n<p class=\"has-normal-font-size\">Micu Maku\u3067\u306f\u3001\u30d0\u30eb\u30bb\u30ed\u30ca\u306e\u30a8\u30b9\u30d7\u30ea\u3092\u304a\u5ba2\u69d8\u3068\u5171\u306b\u795d\u3044\u307e\u3059\u3002\u30ec\u30b9\u30c8\u30e9\u30f3\u306f\u4ee5\u4e0b\u306e\u5834\u6240\u306b\u3042\u308a\u307e\u3059\uff1a<\/p>\n\n\n\n<p class=\"has-normal-font-size\">Eixample - \ud83d\udccd \u30a2\u30b7\u30e3\u30f3\u30d7\u30e9 <a href=\"https:\/\/micumaku.com\/ja\/%e3%83%96%e3%83%83%e3%82%ad%e3%83%b3%e3%82%b0%e3%83%bb%e3%82%a2%e3%83%aa%e3%83%90%e3%82%a6\/\">\u30a2\u30ea\u30d0\u30a6\u901a\u308a22\u756a\u5730<\/a><\/p>\n\n\n\n<p class=\"has-normal-font-size\">\ud83d\udccd <a href=\"https:\/\/goo.gl\/maps\/fGTy8QqL9i92\">\u30ab\u30b9\u30c6\u30a3\u30b8\u30a7\u30db\u30b9\u3001208<\/a> \u30b5\u30b0\u30e9\u30c0\u30fb\u30d5\u30a1\u30df\u30ea\u30a2\u306e\u96a3<\/p>\n\n\n\n<p class=\"has-normal-font-size\">\u306f\u3001\u30e9\u30fb\u30e1\u30eb\u30bb\u306e\u4e3b\u8981\u30b9\u30c6\u30fc\u30b8\u306e\u3059\u3050\u8fd1\u304f\u306b\u3042\u308b\u3002\u30d1\u30a8\u30ea\u30a2\u3001\u9ed2\u7c73\u3001\u30d5\u30a3\u30c7\u30a6\u30a2\u3001\u751f\u30d1\u30b9\u30bf\u3001\u30b0\u30eb\u30e1\u30d0\u30fc\u30ac\u30fc\u3001\u30cf\u30a6\u30b9\u30ef\u30a4\u30f3\u3001\u8077\u4eba\u6280\u306e\u30b5\u30f3\u30b0\u30ea\u30a2\u306a\u3069\u3001\u306b\u304e\u3084\u304b\u3067\u3042\u308a\u306a\u304c\u3089\u5730\u4e2d\u6d77\u7684\u306a\u96f0\u56f2\u6c17\u306e\u4e2d\u3067\u3001\u4eba\u3054\u307f\u3092\u9003\u308c\u3066\u4e94\u611f\u3092\u523a\u6fc0\u3059\u308b\u6599\u7406\u306b\u820c\u9f13\u3092\u6253\u3064\u3053\u3068\u304c\u3067\u304d\u308b\u3002.<\/p>\n\n\n\n<p class=\"has-normal-font-size\">\u5b8c\u74a7\u306a\u30e9\u30fb\u30e1\u30eb\u30b7\u30a72025\u30d7\u30e9\u30f3<\/p>\n\n\n\n<p class=\"has-normal-font-size\">\u30ab\u30bf\u30eb\u30fc\u30cb\u30e3\u5e83\u5834\u3084\u30de\u30ea\u30a2\u30fb\u30af\u30ea\u30b9\u30c6\u30a3\u30fc\u30ca\u901a\u308a\uff08Avinguda Maria Cristina\uff09\u3067\u30b3\u30f3\u30b5\u30fc\u30c8\u3092\u697d\u3057\u3080\u524d\u306b\u3001\u30e9\u30f3\u30c1\u3084\u30c7\u30a3\u30ca\u30fc\u306b\u7acb\u3061\u5bc4\u308d\u3046\u3002.<\/p>\n\n\n\n<p class=\"has-normal-font-size\">\u30b9\u30c8\u30ea\u30fc\u30c8\u30d1\u30d5\u30a9\u30fc\u30de\u30f3\u30b9\u306e\u5f8c\u306f\u3001\u30a2\u30ea\u30d0\u30a6\u3067\u3072\u3068\u4f11\u307f\u3002.<\/p>\n\n\n\n<p class=\"has-normal-font-size\">\u30b5\u30b0\u30e9\u30c0\u30fb\u30d5\u30a1\u30df\u30ea\u30a2\u3092\u3054\u8a2a\u554f\u3067\u3059\u304b\uff1f\u30b5\u30b0\u30e9\u30c0\u30fb\u30d5\u30a1\u30df\u30ea\u30a2\u3092\u8a2a\u308c\u308b\u306a\u3089\u3001\u3053\u306e\u754c\u9688\u306e\u795d\u796d\u7684\u306a\u96f0\u56f2\u6c17\u306b\u6df7\u3058\u3063\u3066\u3001\u30ab\u30b9\u30c6\u30a3\u30fc\u30b8\u30e7\u30b9\u306e\u30e1\u30cb\u30e5\u30fc\u3092\u5473\u308f\u3063\u3066\u307f\u3066\u306f\u3044\u304b\u304c\u3060\u308d\u3046\u3002.<\/p>\n\n\n\n<p class=\"has-normal-font-size\">\u30e2\u30f3\u30b8\u30e5\u30a4\u30c3\u30af\u306e\u30d4\u30ed\u30df\u30e5\u30fc\u30b8\u30ab\u30eb\u306e\u5f8c\u306f\u3001Micu Maku\u3067\u4e7e\u676f\u3057\u3066\u4e00\u65e5\u3092\u7de0\u3081\u304f\u304f\u308d\u3046\u3002.<\/p>\n\n\n\n<p class=\"has-normal-font-size\">\u3053\u306e9\u6708\u3001\u30d0\u30eb\u30bb\u30ed\u30ca\u306f\u6d3b\u6c17\u3065\u304d\u3001Micu Maku\u3082\u6d3b\u6c17\u3065\u304d\u307e\u3059\u3002\u30d0\u30eb\u30bb\u30ed\u30ca\u306e\u6587\u5316\u3092\u8b83\u3048\u3001\u30d0\u30eb\u30bb\u30ed\u30ca\u306e\u8857\u3092\u53d7\u3051\u5165\u308c\u3001\u79c1\u305f\u3061\u304c\u3053\u3046\u8a00\u3046\u7406\u7531\u3092\u767a\u898b\u3057\u3066\u304f\u3060\u3055\u3044\uff1a\u5730\u4e2d\u6d77\u306f\u3042\u306a\u305f\u306e\u4e94\u611f\u3092\u7167\u3089\u3057\u307e\u3059\u3002.<\/p>","protected":false},"excerpt":{"rendered":"<p>The La Merc\u00e8 Festival 2025 is just around the corner, and Barcelona is getting ready for its most vibrant days of the year. From September [&hellip;]<\/p>\n","protected":false},"author":2,"featured_media":823,"comment_status":"closed","ping_status":"closed","sticky":false,"template":"","format":"standard","meta":{"novablocks_hero_scroll_indicator":false,"novablocks_hero_position_indicators":false,"supernova_prevent_duplicate":false,"_project_color":"","_project_color_auto":"#25153c","footnotes":""},"categories":[5,6,52],"tags":[111,112,113,114,109,110,115],"class_list":["post-821","post","type-post","status-publish","format-standard","has-post-thumbnail","hentry","category-events","category-news","category-tourism","tag-barcelona-festivals","tag-cultura-catalana","tag-eventos-barcelona-2025","tag-gastronomia-mediterranea","tag-la-merce-festival-2025","tag-piromusical-montjuic","tag-restaurante-micu-maku"],"yoast_head":"<!-- This site is optimized with the Yoast SEO plugin v27.2 - https:\/\/yoast.com\/product\/yoast-seo-wordpress\/ -->\n<title>\u201cExperience La Merc\u00e8 Festival 2025 in Barcelona and Dine Mediterranean Style at Micu Maku\u201d - Micu Maku<\/title>\n<meta name=\"description\" content=\"Celebrate La Merc\u00e8 Festival 2025 in Barcelona with music, tradition and authentic Mediterranean dining at Micu Maku near the main events.\" \/>\n<meta name=\"robots\" content=\"index, follow, max-snippet:-1, max-image-preview:large, max-video-preview:-1\" \/>\n<link rel=\"canonical\" href=\"https:\/\/micumaku.com\/ja\/2025\/09\/23\/\u30e9\u30fb\u30e1\u30eb\u30b9\u30fb\u30d5\u30a7\u30b9\u30c6\u30a3\u30d0\u30eb2025-\u30d0\u30eb\u30bb\u30ed\u30ca\u30fb\u30df\u30af\/\" \/>\n<meta property=\"og:locale\" content=\"ja_JP\" \/>\n<meta property=\"og:type\" content=\"article\" \/>\n<meta property=\"og:title\" content=\"\u201cExperience La Merc\u00e8 Festival 2025 in Barcelona and Dine Mediterranean Style at Micu Maku\u201d - Micu Maku\" \/>\n<meta property=\"og:description\" content=\"Celebrate La Merc\u00e8 Festival 2025 in Barcelona with music, tradition and authentic Mediterranean dining at Micu Maku near the main events.\" \/>\n<meta property=\"og:url\" content=\"https:\/\/micumaku.com\/ja\/2025\/09\/23\/\u30e9\u30fb\u30e1\u30eb\u30b9\u30fb\u30d5\u30a7\u30b9\u30c6\u30a3\u30d0\u30eb2025-\u30d0\u30eb\u30bb\u30ed\u30ca\u30fb\u30df\u30af\/\" \/>\n<meta property=\"og:site_name\" content=\"Micu Maku\" \/>\n<meta property=\"article:publisher\" content=\"https:\/\/facebook.com\/micumaku\" \/>\n<meta property=\"article:published_time\" content=\"2025-09-23T13:36:13+00:00\" \/>\n<meta property=\"article:modified_time\" content=\"2025-09-25T09:22:40+00:00\" \/>\n<meta property=\"og:image\" content=\"https:\/\/micumaku.com\/wp-content\/uploads\/2025\/09\/festes-de-la-merce-2025-de-barcelona-programa-i-tot-el-que-has-de-saber.jpg\" \/>\n\t<meta property=\"og:image:width\" content=\"850\" \/>\n\t<meta property=\"og:image:height\" content=\"566\" \/>\n\t<meta property=\"og:image:type\" content=\"image\/jpeg\" \/>\n<meta name=\"author\" content=\"Eli MicuMaku\" \/>\n<meta name=\"twitter:card\" content=\"summary_large_image\" \/>\n<meta name=\"twitter:label1\" content=\"\u57f7\u7b46\u8005\" \/>\n\t<meta name=\"twitter:data1\" content=\"Eli MicuMaku\" \/>\n\t<meta name=\"twitter:label2\" content=\"\u63a8\u5b9a\u8aad\u307f\u53d6\u308a\u6642\u9593\" \/>\n\t<meta name=\"twitter:data2\" content=\"3\u5206\" \/>\n<script type=\"application\/ld+json\" class=\"yoast-schema-graph\">{\"@context\":\"https:\/\/schema.org\",\"@graph\":[{\"@type\":\"Article\",\"@id\":\"https:\/\/micumaku.com\/2025\/09\/23\/la-merce-festival-2025-barcelona-micu-maku\/#article\",\"isPartOf\":{\"@id\":\"https:\/\/micumaku.com\/2025\/09\/23\/la-merce-festival-2025-barcelona-micu-maku\/\"},\"author\":{\"name\":\"Eli MicuMaku\",\"@id\":\"https:\/\/micumaku.com\/#\/schema\/person\/b3dc50bdf351a2ee9a1cf7b93ed0827d\"},\"headline\":\"\u201cExperience La Merc\u00e8 Festival 2025 in Barcelona and Dine Mediterranean Style at Micu Maku\u201d\",\"datePublished\":\"2025-09-23T13:36:13+00:00\",\"dateModified\":\"2025-09-25T09:22:40+00:00\",\"mainEntityOfPage\":{\"@id\":\"https:\/\/micumaku.com\/2025\/09\/23\/la-merce-festival-2025-barcelona-micu-maku\/\"},\"wordCount\":566,\"publisher\":{\"@id\":\"https:\/\/micumaku.com\/#organization\"},\"image\":{\"@id\":\"https:\/\/micumaku.com\/2025\/09\/23\/la-merce-festival-2025-barcelona-micu-maku\/#primaryimage\"},\"thumbnailUrl\":\"https:\/\/micumaku.com\/wp-content\/uploads\/2025\/09\/festes-de-la-merce-2025-de-barcelona-programa-i-tot-el-que-has-de-saber.jpg\",\"keywords\":[\"Barcelona festivals\",\"Cultura catalana\",\"Eventos Barcelona 2025\",\"Gastronom\u00eda mediterr\u00e1nea\",\"La Merc\u00e8 Festival 2025\",\"Piromusical Montju\u00efc\",\"Restaurante Micu Maku\"],\"articleSection\":[\"Events\",\"News\",\"Tourism\"],\"inLanguage\":\"ja\"},{\"@type\":\"WebPage\",\"@id\":\"https:\/\/micumaku.com\/2025\/09\/23\/la-merce-festival-2025-barcelona-micu-maku\/\",\"url\":\"https:\/\/micumaku.com\/2025\/09\/23\/la-merce-festival-2025-barcelona-micu-maku\/\",\"name\":\"\u201cExperience La Merc\u00e8 Festival 2025 in Barcelona and Dine Mediterranean Style at Micu Maku\u201d - Micu Maku\",\"isPartOf\":{\"@id\":\"https:\/\/micumaku.com\/#website\"},\"primaryImageOfPage\":{\"@id\":\"https:\/\/micumaku.com\/2025\/09\/23\/la-merce-festival-2025-barcelona-micu-maku\/#primaryimage\"},\"image\":{\"@id\":\"https:\/\/micumaku.com\/2025\/09\/23\/la-merce-festival-2025-barcelona-micu-maku\/#primaryimage\"},\"thumbnailUrl\":\"https:\/\/micumaku.com\/wp-content\/uploads\/2025\/09\/festes-de-la-merce-2025-de-barcelona-programa-i-tot-el-que-has-de-saber.jpg\",\"datePublished\":\"2025-09-23T13:36:13+00:00\",\"dateModified\":\"2025-09-25T09:22:40+00:00\",\"description\":\"Celebrate La Merc\u00e8 Festival 2025 in Barcelona with music, tradition and authentic Mediterranean dining at Micu Maku near the main events.\",\"breadcrumb\":{\"@id\":\"https:\/\/micumaku.com\/2025\/09\/23\/la-merce-festival-2025-barcelona-micu-maku\/#breadcrumb\"},\"inLanguage\":\"ja\",\"potentialAction\":[{\"@type\":\"ReadAction\",\"target\":[\"https:\/\/micumaku.com\/2025\/09\/23\/la-merce-festival-2025-barcelona-micu-maku\/\"]}]},{\"@type\":\"ImageObject\",\"inLanguage\":\"ja\",\"@id\":\"https:\/\/micumaku.com\/2025\/09\/23\/la-merce-festival-2025-barcelona-micu-maku\/#primaryimage\",\"url\":\"https:\/\/micumaku.com\/wp-content\/uploads\/2025\/09\/festes-de-la-merce-2025-de-barcelona-programa-i-tot-el-que-has-de-saber.jpg\",\"contentUrl\":\"https:\/\/micumaku.com\/wp-content\/uploads\/2025\/09\/festes-de-la-merce-2025-de-barcelona-programa-i-tot-el-que-has-de-saber.jpg\",\"width\":850,\"height\":566,\"caption\":\"\u201cThe Piromusical at Montju\u00efc, the dazzling closing show of La Merc\u00e8 Festival 2025 in Barcelona with fireworks, music and lights.\u201d\"},{\"@type\":\"BreadcrumbList\",\"@id\":\"https:\/\/micumaku.com\/2025\/09\/23\/la-merce-festival-2025-barcelona-micu-maku\/#breadcrumb\",\"itemListElement\":[{\"@type\":\"ListItem\",\"position\":1,\"name\":\"Home\",\"item\":\"https:\/\/micumaku.com\/\"},{\"@type\":\"ListItem\",\"position\":2,\"name\":\"\u201cExperience La Merc\u00e8 Festival 2025 in Barcelona and Dine Mediterranean Style at Micu Maku\u201d\"}]},{\"@type\":\"WebSite\",\"@id\":\"https:\/\/micumaku.com\/#website\",\"url\":\"https:\/\/micumaku.com\/\",\"name\":\"Micu Maku\",\"description\":\"Mediterranean cuisine and burgers\",\"publisher\":{\"@id\":\"https:\/\/micumaku.com\/#organization\"},\"potentialAction\":[{\"@type\":\"SearchAction\",\"target\":{\"@type\":\"EntryPoint\",\"urlTemplate\":\"https:\/\/micumaku.com\/?s={search_term_string}\"},\"query-input\":{\"@type\":\"PropertyValueSpecification\",\"valueRequired\":true,\"valueName\":\"search_term_string\"}}],\"inLanguage\":\"ja\"},{\"@type\":\"Organization\",\"@id\":\"https:\/\/micumaku.com\/#organization\",\"name\":\"Micu Maku\",\"url\":\"https:\/\/micumaku.com\/\",\"logo\":{\"@type\":\"ImageObject\",\"inLanguage\":\"ja\",\"@id\":\"https:\/\/micumaku.com\/#\/schema\/logo\/image\/\",\"url\":\"https:\/\/micumaku.com\/wp-content\/uploads\/2025\/01\/cropped-LOGO-PLANO-TRANSP.png\",\"contentUrl\":\"https:\/\/micumaku.com\/wp-content\/uploads\/2025\/01\/cropped-LOGO-PLANO-TRANSP.png\",\"width\":1835,\"height\":500,\"caption\":\"Micu Maku\"},\"image\":{\"@id\":\"https:\/\/micumaku.com\/#\/schema\/logo\/image\/\"},\"sameAs\":[\"https:\/\/facebook.com\/micumaku\",\"https:\/\/instagram.com\/micumaku\"]},{\"@type\":\"Person\",\"@id\":\"https:\/\/micumaku.com\/#\/schema\/person\/b3dc50bdf351a2ee9a1cf7b93ed0827d\",\"name\":\"Eli MicuMaku\",\"image\":{\"@type\":\"ImageObject\",\"inLanguage\":\"ja\",\"@id\":\"https:\/\/secure.gravatar.com\/avatar\/0d190a92e52c1b170f5671b4bc41ece870afb9b76422cf76d43c9b6b27a60468?s=96&d=mm&r=g\",\"url\":\"https:\/\/secure.gravatar.com\/avatar\/0d190a92e52c1b170f5671b4bc41ece870afb9b76422cf76d43c9b6b27a60468?s=96&d=mm&r=g\",\"contentUrl\":\"https:\/\/secure.gravatar.com\/avatar\/0d190a92e52c1b170f5671b4bc41ece870afb9b76422cf76d43c9b6b27a60468?s=96&d=mm&r=g\",\"caption\":\"Eli MicuMaku\"},\"url\":\"https:\/\/micumaku.com\/ja\/author\/micumakueli\/\"}]}<\/script>\n<!-- \/ Yoast SEO plugin. -->","yoast_head_json":{"title":"\u201c\u300c\u30d0\u30eb\u30bb\u30ed\u30ca\u306e\u30e9\u30fb\u30e1\u30eb\u30b7\u30a7\u30fb\u30d5\u30a7\u30b9\u30c6\u30a3\u30d0\u30eb2025\u3092\u4f53\u9a13\u3057\u3001\u30df\u30c3\u30af\u30fb\u30de\u30af\u3067\u5730\u4e2d\u6d77\u6599\u7406\u3092\u5473\u308f\u3046\u300d - Micu Maku","description":"\u30d0\u30eb\u30bb\u30ed\u30ca\u3067\u958b\u50ac\u3055\u308c\u308bLa Merc\u00e8 Festival 2025\u3092\u3001\u97f3\u697d\u3001\u4f1d\u7d71\u3001\u305d\u3057\u3066\u30e1\u30a4\u30f3\u30a4\u30d9\u30f3\u30c8\u8fd1\u304f\u306eMicu Maku\u3067\u306e\u672c\u683c\u7684\u306a\u5730\u4e2d\u6d77\u6599\u7406\u3067\u795d\u304a\u3046\u3002.","robots":{"index":"index","follow":"follow","max-snippet":"max-snippet:-1","max-image-preview":"max-image-preview:large","max-video-preview":"max-video-preview:-1"},"canonical":"https:\/\/micumaku.com\/ja\/2025\/09\/23\/\u30e9\u30fb\u30e1\u30eb\u30b9\u30fb\u30d5\u30a7\u30b9\u30c6\u30a3\u30d0\u30eb2025-\u30d0\u30eb\u30bb\u30ed\u30ca\u30fb\u30df\u30af\/","og_locale":"ja_JP","og_type":"article","og_title":"\u201cExperience La Merc\u00e8 Festival 2025 in Barcelona and Dine Mediterranean Style at Micu Maku\u201d - Micu Maku","og_description":"Celebrate La Merc\u00e8 Festival 2025 in Barcelona with music, tradition and authentic Mediterranean dining at Micu Maku near the main events.","og_url":"https:\/\/micumaku.com\/ja\/2025\/09\/23\/\u30e9\u30fb\u30e1\u30eb\u30b9\u30fb\u30d5\u30a7\u30b9\u30c6\u30a3\u30d0\u30eb2025-\u30d0\u30eb\u30bb\u30ed\u30ca\u30fb\u30df\u30af\/","og_site_name":"Micu Maku","article_publisher":"https:\/\/facebook.com\/micumaku","article_published_time":"2025-09-23T13:36:13+00:00","article_modified_time":"2025-09-25T09:22:40+00:00","og_image":[{"width":850,"height":566,"url":"https:\/\/micumaku.com\/wp-content\/uploads\/2025\/09\/festes-de-la-merce-2025-de-barcelona-programa-i-tot-el-que-has-de-saber.jpg","type":"image\/jpeg"}],"author":"Eli MicuMaku","twitter_card":"summary_large_image","twitter_misc":{"\u57f7\u7b46\u8005":"Eli MicuMaku","\u63a8\u5b9a\u8aad\u307f\u53d6\u308a\u6642\u9593":"3\u5206"},"schema":{"@context":"https:\/\/schema.org","@graph":[{"@type":"Article","@id":"https:\/\/micumaku.com\/2025\/09\/23\/la-merce-festival-2025-barcelona-micu-maku\/#article","isPartOf":{"@id":"https:\/\/micumaku.com\/2025\/09\/23\/la-merce-festival-2025-barcelona-micu-maku\/"},"author":{"name":"Eli MicuMaku","@id":"https:\/\/micumaku.com\/#\/schema\/person\/b3dc50bdf351a2ee9a1cf7b93ed0827d"},"headline":"\u201cExperience La Merc\u00e8 Festival 2025 in Barcelona and Dine Mediterranean Style at Micu Maku\u201d","datePublished":"2025-09-23T13:36:13+00:00","dateModified":"2025-09-25T09:22:40+00:00","mainEntityOfPage":{"@id":"https:\/\/micumaku.com\/2025\/09\/23\/la-merce-festival-2025-barcelona-micu-maku\/"},"wordCount":566,"publisher":{"@id":"https:\/\/micumaku.com\/#organization"},"image":{"@id":"https:\/\/micumaku.com\/2025\/09\/23\/la-merce-festival-2025-barcelona-micu-maku\/#primaryimage"},"thumbnailUrl":"https:\/\/micumaku.com\/wp-content\/uploads\/2025\/09\/festes-de-la-merce-2025-de-barcelona-programa-i-tot-el-que-has-de-saber.jpg","keywords":["Barcelona festivals","Cultura catalana","Eventos Barcelona 2025","Gastronom\u00eda mediterr\u00e1nea","La Merc\u00e8 Festival 2025","Piromusical Montju\u00efc","Restaurante Micu Maku"],"articleSection":["Events","News","Tourism"],"inLanguage":"ja"},{"@type":"WebPage","@id":"https:\/\/micumaku.com\/2025\/09\/23\/la-merce-festival-2025-barcelona-micu-maku\/","url":"https:\/\/micumaku.com\/2025\/09\/23\/la-merce-festival-2025-barcelona-micu-maku\/","name":"\u201c\u300c\u30d0\u30eb\u30bb\u30ed\u30ca\u306e\u30e9\u30fb\u30e1\u30eb\u30b7\u30a7\u30fb\u30d5\u30a7\u30b9\u30c6\u30a3\u30d0\u30eb2025\u3092\u4f53\u9a13\u3057\u3001\u30df\u30c3\u30af\u30fb\u30de\u30af\u3067\u5730\u4e2d\u6d77\u6599\u7406\u3092\u5473\u308f\u3046\u300d - Micu Maku","isPartOf":{"@id":"https:\/\/micumaku.com\/#website"},"primaryImageOfPage":{"@id":"https:\/\/micumaku.com\/2025\/09\/23\/la-merce-festival-2025-barcelona-micu-maku\/#primaryimage"},"image":{"@id":"https:\/\/micumaku.com\/2025\/09\/23\/la-merce-festival-2025-barcelona-micu-maku\/#primaryimage"},"thumbnailUrl":"https:\/\/micumaku.com\/wp-content\/uploads\/2025\/09\/festes-de-la-merce-2025-de-barcelona-programa-i-tot-el-que-has-de-saber.jpg","datePublished":"2025-09-23T13:36:13+00:00","dateModified":"2025-09-25T09:22:40+00:00","description":"\u30d0\u30eb\u30bb\u30ed\u30ca\u3067\u958b\u50ac\u3055\u308c\u308bLa Merc\u00e8 Festival 2025\u3092\u3001\u97f3\u697d\u3001\u4f1d\u7d71\u3001\u305d\u3057\u3066\u30e1\u30a4\u30f3\u30a4\u30d9\u30f3\u30c8\u8fd1\u304f\u306eMicu Maku\u3067\u306e\u672c\u683c\u7684\u306a\u5730\u4e2d\u6d77\u6599\u7406\u3067\u795d\u304a\u3046\u3002.","breadcrumb":{"@id":"https:\/\/micumaku.com\/2025\/09\/23\/la-merce-festival-2025-barcelona-micu-maku\/#breadcrumb"},"inLanguage":"ja","potentialAction":[{"@type":"ReadAction","target":["https:\/\/micumaku.com\/2025\/09\/23\/la-merce-festival-2025-barcelona-micu-maku\/"]}]},{"@type":"ImageObject","inLanguage":"ja","@id":"https:\/\/micumaku.com\/2025\/09\/23\/la-merce-festival-2025-barcelona-micu-maku\/#primaryimage","url":"https:\/\/micumaku.com\/wp-content\/uploads\/2025\/09\/festes-de-la-merce-2025-de-barcelona-programa-i-tot-el-que-has-de-saber.jpg","contentUrl":"https:\/\/micumaku.com\/wp-content\/uploads\/2025\/09\/festes-de-la-merce-2025-de-barcelona-programa-i-tot-el-que-has-de-saber.jpg","width":850,"height":566,"caption":"\u201cThe Piromusical at Montju\u00efc, the dazzling closing show of La Merc\u00e8 Festival 2025 in Barcelona with fireworks, music and lights.\u201d"},{"@type":"BreadcrumbList","@id":"https:\/\/micumaku.com\/2025\/09\/23\/la-merce-festival-2025-barcelona-micu-maku\/#breadcrumb","itemListElement":[{"@type":"ListItem","position":1,"name":"Home","item":"https:\/\/micumaku.com\/"},{"@type":"ListItem","position":2,"name":"\u201cExperience La Merc\u00e8 Festival 2025 in Barcelona and Dine Mediterranean Style at Micu Maku\u201d"}]},{"@type":"WebSite","@id":"https:\/\/micumaku.com\/#website","url":"https:\/\/micumaku.com\/","name":"\u30df\u30af\u30fb\u30de\u30af","description":"\u5730\u4e2d\u6d77\u6599\u7406\u3068\u30cf\u30f3\u30d0\u30fc\u30ac\u30fc","publisher":{"@id":"https:\/\/micumaku.com\/#organization"},"potentialAction":[{"@type":"SearchAction","target":{"@type":"EntryPoint","urlTemplate":"https:\/\/micumaku.com\/?s={search_term_string}"},"query-input":{"@type":"PropertyValueSpecification","valueRequired":true,"valueName":"search_term_string"}}],"inLanguage":"ja"},{"@type":"Organization","@id":"https:\/\/micumaku.com\/#organization","name":"\u30df\u30af\u30fb\u30de\u30af","url":"https:\/\/micumaku.com\/","logo":{"@type":"ImageObject","inLanguage":"ja","@id":"https:\/\/micumaku.com\/#\/schema\/logo\/image\/","url":"https:\/\/micumaku.com\/wp-content\/uploads\/2025\/01\/cropped-LOGO-PLANO-TRANSP.png","contentUrl":"https:\/\/micumaku.com\/wp-content\/uploads\/2025\/01\/cropped-LOGO-PLANO-TRANSP.png","width":1835,"height":500,"caption":"Micu Maku"},"image":{"@id":"https:\/\/micumaku.com\/#\/schema\/logo\/image\/"},"sameAs":["https:\/\/facebook.com\/micumaku","https:\/\/instagram.com\/micumaku"]},{"@type":"Person","@id":"https:\/\/micumaku.com\/#\/schema\/person\/b3dc50bdf351a2ee9a1cf7b93ed0827d","name":"\u30a8\u30ea\u30fb\u30df\u30af\u30de\u30af","image":{"@type":"ImageObject","inLanguage":"ja","@id":"https:\/\/secure.gravatar.com\/avatar\/0d190a92e52c1b170f5671b4bc41ece870afb9b76422cf76d43c9b6b27a60468?s=96&d=mm&r=g","url":"https:\/\/secure.gravatar.com\/avatar\/0d190a92e52c1b170f5671b4bc41ece870afb9b76422cf76d43c9b6b27a60468?s=96&d=mm&r=g","contentUrl":"https:\/\/secure.gravatar.com\/avatar\/0d190a92e52c1b170f5671b4bc41ece870afb9b76422cf76d43c9b6b27a60468?s=96&d=mm&r=g","caption":"Eli MicuMaku"},"url":"https:\/\/micumaku.com\/ja\/author\/micumakueli\/"}]}},"_links":{"self":[{"href":"https:\/\/micumaku.com\/ja\/wp-json\/wp\/v2\/posts\/821","targetHints":{"allow":["GET"]}}],"collection":[{"href":"https:\/\/micumaku.com\/ja\/wp-json\/wp\/v2\/posts"}],"about":[{"href":"https:\/\/micumaku.com\/ja\/wp-json\/wp\/v2\/types\/post"}],"author":[{"embeddable":true,"href":"https:\/\/micumaku.com\/ja\/wp-json\/wp\/v2\/users\/2"}],"replies":[{"embeddable":true,"href":"https:\/\/micumaku.com\/ja\/wp-json\/wp\/v2\/comments?post=821"}],"version-history":[{"count":1,"href":"https:\/\/micumaku.com\/ja\/wp-json\/wp\/v2\/posts\/821\/revisions"}],"predecessor-version":[{"id":822,"href":"https:\/\/micumaku.com\/ja\/wp-json\/wp\/v2\/posts\/821\/revisions\/822"}],"wp:featuredmedia":[{"embeddable":true,"href":"https:\/\/micumaku.com\/ja\/wp-json\/wp\/v2\/media\/823"}],"wp:attachment":[{"href":"https:\/\/micumaku.com\/ja\/wp-json\/wp\/v2\/media?parent=821"}],"wp:term":[{"taxonomy":"category","embeddable":true,"href":"https:\/\/micumaku.com\/ja\/wp-json\/wp\/v2\/categories?post=821"},{"taxonomy":"post_tag","embeddable":true,"href":"https:\/\/micumaku.com\/ja\/wp-json\/wp\/v2\/tags?post=821"}],"curies":[{"name":"wp","href":"https:\/\/api.w.org\/{rel}","templated":true}]}}