{"id":821,"date":"2025-09-23T15:36:13","date_gmt":"2025-09-23T13:36:13","guid":{"rendered":"https:\/\/micumaku.com\/?p=821"},"modified":"2025-09-25T11:22:40","modified_gmt":"2025-09-25T09:22:40","slug":"2025-%e5%b9%b4%e5%b7%b4%e5%a1%9e%e7%bd%97%e9%82%a3%e6%a2%85%e5%b0%94%e5%a1%9e%e9%9f%b3%e4%b9%90%e8%8a%82-micu-maku","status":"publish","type":"post","link":"https:\/\/micumaku.com\/zh\/2025\/09\/23\/la-merce-festival-2025-barcelona-micu-maku\/","title":{"rendered":"\u201c\u4f53\u9a8c\u5df4\u585e\u7f57\u90a3 2025 \u5e74 La Merc\u00e8 \u8282\uff0c\u5728 Micu Maku \u9910\u5385\u54c1\u5c1d\u5730\u4e2d\u6d77\u98ce\u5473\u7f8e\u98df\u201d"},"content":{"rendered":"<p class=\"has-normal-font-size\">\"(\u300a\u4e16\u754c\u4eba\u6743\u5ba3\u8a00\u300b) <a href=\"https:\/\/www.barcelona.cat\/lamerce\/en\">2025 \u5e74\u62c9\u6885\u5207\u8282<\/a> \u5df4\u585e\u7f57\u90a3\u5373\u5c06\u8fce\u6765\u4e00\u5e74\u4e2d\u6700\u70ed\u95f9\u7684\u65e5\u5b50\u3002\u4ece 9 \u6708 23 \u65e5\u5230 28 \u65e5\uff0c\u5df4\u585e\u7f57\u90a3\u5c06\u4ee5\u72ec\u7279\u7684\u97f3\u4e50\u3001\u8868\u6f14\u548c\u6d41\u884c\u4f20\u7edf\u6d3b\u52a8\u6765\u7eaa\u5ff5\u5176\u5b88\u62a4\u795e--\u6148\u60b2\u5723\u6bcd\u739b\u5229\u4e9a\uff08Mare de D\u00e9u de la Merc\u00e8\uff09\uff0c\u5438\u5f15\u6765\u81ea\u4e16\u754c\u5404\u5730\u7684\u6210\u5343\u4e0a\u4e07\u6e38\u5ba2\u3002.<\/p>\n\n\n\n<p class=\"has-normal-font-size\">\u62c9\u6885\u5207\u5c14\u7684\u8d77\u6e90\u548c\u5386\u53f2<\/p>\n\n\n\n<p class=\"has-normal-font-size\">\u5e86\u795d <a href=\"https:\/\/en.wikipedia.org\/wiki\/La_Merc%C3%A8\">La Merc\u00e8<\/a> \u5df4\u585e\u7f57\u90a3\u7684\u5723\u6bcd\u739b\u5229\u4e9a\u53ef\u4ee5\u8ffd\u6eaf\u5230 13 \u4e16\u7eaa\uff0c\u6839\u636e\u4f20\u7edf\uff0c\u5f53\u65f6\u5723\u6bcd\u739b\u5229\u4e9a\u5411\u51e0\u4f4d\u5723\u5f92\u663e\u7075\uff0c\u8bf7\u6c42\u4ed6\u4eec\u521b\u5efa\u4e00\u4e2a\u4e13\u95e8\u6551\u8d4e\u88ab\u4fd8\u8005\u7684\u7ec4\u7ec7\u30021687 \u5e74\uff0c\u5728\u4fdd\u62a4\u5df4\u585e\u7f57\u90a3\u514d\u906d\u6bc1\u706d\u6027\u8757\u707e\u4e4b\u540e\uff0c\u5723\u6bcd\u88ab\u6b63\u5f0f\u5ba3\u5e03\u4e3a\u8fd9\u5ea7\u57ce\u5e02\u7684\u5b88\u62a4\u795e\u3002.<\/p>\n\n\n\n<p class=\"has-normal-font-size\">\u4ece\u90a3\u65f6\u8d77\uff0c\u6bcf\u5e74 9 \u6708\uff0c\u5df4\u585e\u7f57\u90a3\u90fd\u4f1a\u4ee5\u4fe1\u4ef0\u3001\u4f20\u7edf\u548c\u6587\u5316\u76f8\u7ed3\u5408\u7684\u72ec\u7279\u65b9\u5f0f\u5e86\u795d\u5176\u5b88\u62a4\u795e\u3002\u51e0\u4e2a\u4e16\u7eaa\u4ee5\u6765\uff0c\u6885\u5c14\u585e\u8282\u5df2\u4ece\u4e00\u4e2a\u7eaf\u7cb9\u7684\u5b97\u6559\u8282\u65e5\u8f6c\u53d8\u4e3a\u4e00\u4e2a\u73b0\u4ee3\u6587\u5316\u8282\u65e5\uff0c\u5b83\u4fdd\u7559\u4e86\u52a0\u6cf0\u7f57\u5c3c\u4e9a\u4f20\u7edf\u7684\u7cbe\u9ad3--\u5de8\u4eba\u548c\u5927\u5934\u4eba\u6e38\u884c\u3001castellers\uff08\u4eba\u5854\uff09\u3001correfocs\uff08\u8dd1\u706b\uff09\u548c sardana \u821e\u8e48\uff0c\u540c\u65f6\u8fd8\u878d\u5165\u4e86\u5f53\u4ee3\u827a\u672f\u3001\u97f3\u4e50\u548c\u56fd\u9645\u8868\u6f14\u3002.<\/p>\n\n\n\n<p class=\"has-normal-font-size\">La Merc\u00e8 \u62e5\u6709\u4e09\u4e2a\u591a\u4e16\u7eaa\u7684\u5386\u53f2\uff0c\u5982\u4eca\u5df2\u6210\u4e3a\u6b27\u6d32\u6700\u5177\u6807\u5fd7\u6027\u7684\u57ce\u5e02\u8282\u65e5\u4e4b\u4e00\u3002.<\/p>\n\n\n\n<p class=\"has-normal-font-size\">\u6210\u4e3a\u821e\u53f0\u7684\u57ce\u5e02<\/p>\n\n\n\n<p class=\"has-normal-font-size\">\u5728\u5c06\u8fd1\u4e00\u5468\u7684\u65f6\u95f4\u91cc\uff0c\u5df4\u585e\u7f57\u90a3\u53d8\u6210\u4e86\u4e00\u4e2a\u9732\u5929\u821e\u53f0\uff1a<\/p>\n\n\n\n<p class=\"has-normal-font-size\">\u5de8\u4eba\u548c\u5927\u5934\u4eba\u5728\u8857\u4e0a\u6e38\u884c\u3002.<\/p>\n\n\n\n<p class=\"has-normal-font-size\">Castellers \u5efa\u9020\u4ee4\u4eba\u53f9\u4e3a\u89c2\u6b62\u7684\u4eba\u5854\u3002.<\/p>\n\n\n\n<p class=\"has-normal-font-size\">Correfoc\u4e0e\u9b54\u9b3c\u3001\u706b\u7130\u548c\u706b\u82b1\u7167\u4eae\u4e86\u9ed1\u591c\u3002.<\/p>\n\n\n\n<p class=\"has-normal-font-size\">\u514d\u8d39 BAM \u97f3\u4e50\u4f1a <a href=\"https:\/\/www.barcelona.cat\/lamerce\/en\/musica\">(\u5df4\u585e\u7f57\u90a3 Acci\u00f3 Musical\uff09\u3002<\/a> \u7531\u56fd\u5185\u5916\u827a\u672f\u5bb6\u4e3b\u6f14\u3002.<\/p>\n\n\n\n<p class=\"has-normal-font-size\">\u901a\u8fc7\u8857\u5934\u827a\u672f <a href=\"https:\/\/www.barcelona.cat\/lamerce\/en\/mac\">\u5a92\u4f53\u8bbf\u95ee\u63a7\u5236<\/a> (Merc\u00e8 Arts de Carrer\uff09\u7684\u5e7f\u573a\u548c\u516c\u56ed\u3002.<\/p>\n\n\n\n<p class=\"has-normal-font-size\">\u5bb6\u5ead\u6d3b\u52a8\u3001\u5f00\u653e\u5f0f\u535a\u7269\u9986\uff0c\u4ee5\u53ca\u538b\u8f74\u6d3b\u52a8 <a href=\"https:\/\/www.barcelona.cat\/lamerce\/en\/piromusical\">\u8499\u7279\u6731\u4f0a\u514b\u7684 piromusical<\/a>, \u5728\u97f3\u4e50\u3001\u6c34\u548c\u7130\u706b\u7684\u886c\u6258\u4e0b\uff0c\u4e00\u573a\u4ee4\u4eba\u76ee\u7729\u795e\u8ff7\u7684\u8868\u6f14\u4e3a\u8282\u65e5\u753b\u4e0a\u4e86\u5706\u6ee1\u7684\u53e5\u53f7\u3002.<\/p>\n\n\n\n<p class=\"has-normal-font-size\">\u6885\u5c14\u585e\uff1a\u4e0d\u4ec5\u4ec5\u662f\u4e00\u4e2a\u8282\u65e5<\/p>\n\n\n\n<p class=\"has-normal-font-size\">La Merc\u00e8 \u4e0d\u4ec5\u4ec5\u662f\u5f53\u5730\u7684\u4e00\u4e2a\u8282\u65e5\uff0c\u5b83\u8fd8\u662f\u4e00\u79cd\u6587\u5316\u4f53\u9a8c\uff0c\u5411\u5168\u4e16\u754c\u5c55\u793a\u4e86\u5df4\u585e\u7f57\u90a3\u6700\u7f8e\u597d\u7684\u4e00\u9762\u3002\u4ece\u4f20\u7edf\u821e\u8e48\u5230\u5730\u4e2d\u6d77\u7f8e\u98df\uff0c\u52a0\u6cf0\u7f57\u5c3c\u4e9a\u4eba\u5728\u8282\u65e5\u671f\u95f4\u4e0e\u4eb2\u670b\u597d\u53cb\u805a\u4f1a\u65f6\uff0c\u603b\u662f\u4ee5\u5730\u4e2d\u6d77\u7f8e\u98df\u4e3a\u4e2d\u5fc3\uff0c\u5c3d\u60c5\u4eab\u53d7\u52a0\u6cf0\u7f57\u5c3c\u4e9a\u7279\u8272\u3002.<\/p>\n\n\n\n<p class=\"has-normal-font-size\">\u56e0\u6b64\uff0c\u5728\u5404\u79cd\u6d3b\u52a8\u3001\u97f3\u4e50\u4f1a\u548c\u6f14\u51fa\u4e4b\u95f4\u5c0f\u61a9\u7247\u523b\uff0c\u54c1\u5c1d\u4e00\u4e0b\u8fd9\u5ea7\u57ce\u5e02\u5730\u9053\u7684\u5730\u4e2d\u6d77\u7f8e\u98df\u662f\u5fc5\u4e0d\u53ef\u5c11\u7684\u4f53\u9a8c\u3002.<\/p>\n\n\n\n<p class=\"has-normal-font-size\"><a href=\"https:\/\/micumaku.com\/zh\/%e6%a0%87%e7%ad%be\/%e5%be%ae%e4%b9%90\/\">\u7c73\u5e93-\u9a6c\u5e93<\/a>\u5730\u4e2d\u6d77\u7f8e\u98df\u8282\uff1a\u60a8\u7684\u5730\u4e2d\u6d77\u4e4b\u65c5<\/p>\n\n\n\n<p class=\"has-normal-font-size\">\u5728 Micu Maku\uff0c\u6211\u4eec\u4e0e\u60a8\u4e00\u8d77\u5e86\u795d\u5df4\u585e\u7f57\u90a3\u7cbe\u795e\u3002\u6211\u4eec\u7684\u9910\u5385\u4f4d\u4e8e<\/p>\n\n\n\n<p class=\"has-normal-font-size\">\ud83d\udccd \u57c3\u514b\u6851\u666e - <a href=\"https:\/\/micumaku.com\/zh\/%e9%a2%84%e8%ae%a2%e9%98%bf%e9%87%8c%e5%8c%85\/\">Carrer d'Aribau, 22<\/a><\/p>\n\n\n\n<p class=\"has-normal-font-size\">\ud83d\udccd <a href=\"https:\/\/goo.gl\/maps\/fGTy8QqL9i92\">\u5361\u65af\u8482\u5217\u970d\u65af\uff0c208<\/a> \u5723\u5bb6\u5802\u65c1<\/p>\n\n\n\n<p class=\"has-normal-font-size\">\u8ddd\u79bb La Merc\u00e8 \u7684\u4e00\u4e9b\u4e3b\u8981\u821e\u53f0\u4ec5\u51e0\u6b65\u4e4b\u9065\u3002\u5728\u8fd9\u91cc\uff0c\u60a8\u53ef\u4ee5\u907f\u5f00\u7199\u7199\u6518\u6518\u7684\u4eba\u7fa4\uff0c\u5c3d\u60c5\u4eab\u53d7\u70b9\u71c3\u60a8\u5473\u857e\u7684\u7f8e\u98df\uff1a\u6d77\u9c9c\u996d\u3001\u9ed1\u7c73\u996d\u3001fideu\u00e0\u3001\u65b0\u9c9c\u610f\u5927\u5229\u9762\u3001\u7f8e\u98df\u6c49\u5821\u3001\u81ea\u917f\u8461\u8404\u9152\u548c\u624b\u5de5\u5236\u4f5c\u7684\u6851\u683c\u91cc\u4e9a\u9152\uff0c\u4e00\u5207\u90fd\u5728\u70ed\u95f9\u800c\u53c8\u5730\u4e2d\u6d77\u5f0f\u7684\u6c1b\u56f4\u4e2d\u8fdb\u884c\u3002.<\/p>\n\n\n\n<p class=\"has-normal-font-size\">\u5b8c\u7f8e\u7684\u62c9\u6885\u5207\u5c14 2025 \u8ba1\u5212<\/p>\n\n\n\n<p class=\"has-normal-font-size\">\u5728\u52a0\u6cf0\u7f57\u5c3c\u4e9a\u5e7f\u573a\uff08Pla\u00e7a Catalunya\uff09\u6216\u739b\u4e3d\u4e9a-\u514b\u91cc\u65af\u8482\u5a1c\u5927\u9053\uff08Avinguda Maria Cristina\uff09\u6b23\u8d4f\u97f3\u4e50\u4f1a\u4e4b\u524d\uff0c\u60a8\u53ef\u4ee5\u5728\u6b64\u4eab\u7528\u5348\u9910\u6216\u665a\u9910\u3002.<\/p>\n\n\n\n<p class=\"has-normal-font-size\">\u89c2\u770b\u5b8c\u8857\u5934\u8868\u6f14\u540e\uff0c\u60a8\u53ef\u4ee5\u5728\u963f\u91cc\u5305\uff08Aribau\uff09\u5c0f\u61a9\u7247\u523b\uff0c\u8865\u5145\u80fd\u91cf\u3002.<\/p>\n\n\n\n<p class=\"has-normal-font-size\">\u53c2\u89c2\u5723\u5bb6\u5802\uff1f\u52a0\u5165\u9644\u8fd1\u7684\u8282\u65e5\u6c1b\u56f4\uff0c\u54c1\u5c1d\u6211\u4eec\u5728\u5361\u65af\u8482\u5217\u970d\u65af\u9910\u5385\u7684\u83dc\u5355\u3002.<\/p>\n\n\n\n<p class=\"has-normal-font-size\">\u89c2\u770b\u5b8c\u8499\u6731\u4f0a\u514b\u6d77\u76d7\u97f3\u4e50\u5267\u540e\uff0c\u5728\u7c73\u5e93\u739b\u5e93\uff08Micu Maku\uff09\u5e72\u4e00\u676f\uff0c\u7ed3\u675f\u4e00\u5929\u7684\u884c\u7a0b\u3002.<\/p>\n\n\n\n<p class=\"has-normal-font-size\">\u4eca\u5e74\u4e5d\u6708\uff0c\u5df4\u585e\u7f57\u90a3\u751f\u673a\u52c3\u52c3\uff0c\u7c73\u5e93\u5e55\u4e5f\u968f\u4e4b\u751f\u673a\u52c3\u52c3\u3002\u5e86\u795d\u5df4\u585e\u7f57\u90a3\u7684\u6587\u5316\uff0c\u62e5\u62b1\u8fd9\u5ea7\u57ce\u5e02\uff0c\u4e86\u89e3\u6211\u4eec\u4e3a\u4ec0\u4e48\u8bf4\uff1a\"\u5730\u4e2d\u6d77\u70b9\u4eae\u4e86\u4f60\u7684\u611f\u5b98\"\uff1a\u5730\u4e2d\u6d77\u70b9\u4eae\u4f60\u7684\u611f\u5b98\u3002.<\/p>","protected":false},"excerpt":{"rendered":"<p>The La Merc\u00e8 Festival 2025 is just around the corner, and Barcelona is getting ready for its most vibrant days of the year. From September [&hellip;]<\/p>\n","protected":false},"author":2,"featured_media":823,"comment_status":"closed","ping_status":"closed","sticky":false,"template":"","format":"standard","meta":{"novablocks_hero_scroll_indicator":false,"novablocks_hero_position_indicators":false,"supernova_prevent_duplicate":false,"_project_color":"","_project_color_auto":"#25153c","footnotes":""},"categories":[5,6,52],"tags":[111,112,113,114,109,110,115],"class_list":["post-821","post","type-post","status-publish","format-standard","has-post-thumbnail","hentry","category-events","category-news","category-tourism","tag-barcelona-festivals","tag-cultura-catalana","tag-eventos-barcelona-2025","tag-gastronomia-mediterranea","tag-la-merce-festival-2025","tag-piromusical-montjuic","tag-restaurante-micu-maku"],"yoast_head":"<!-- This site is optimized with the Yoast SEO plugin v27.2 - https:\/\/yoast.com\/product\/yoast-seo-wordpress\/ -->\n<title>\u201cExperience La Merc\u00e8 Festival 2025 in Barcelona and Dine Mediterranean Style at Micu Maku\u201d - Micu Maku<\/title>\n<meta name=\"description\" content=\"Celebrate La Merc\u00e8 Festival 2025 in Barcelona with music, tradition and authentic Mediterranean dining at Micu Maku near the main events.\" \/>\n<meta name=\"robots\" content=\"index, follow, max-snippet:-1, max-image-preview:large, max-video-preview:-1\" \/>\n<link rel=\"canonical\" href=\"https:\/\/micumaku.com\/zh\/2025\/09\/23\/2025-\u5e74\u5df4\u585e\u7f57\u90a3\u6885\u5c14\u585e\u97f3\u4e50\u8282-micu-maku\/\" \/>\n<meta property=\"og:locale\" content=\"zh_CN\" \/>\n<meta property=\"og:type\" content=\"article\" \/>\n<meta property=\"og:title\" content=\"\u201cExperience La Merc\u00e8 Festival 2025 in Barcelona and Dine Mediterranean Style at Micu Maku\u201d - Micu Maku\" \/>\n<meta property=\"og:description\" content=\"Celebrate La Merc\u00e8 Festival 2025 in Barcelona with music, tradition and authentic Mediterranean dining at Micu Maku near the main events.\" \/>\n<meta property=\"og:url\" content=\"https:\/\/micumaku.com\/zh\/2025\/09\/23\/2025-\u5e74\u5df4\u585e\u7f57\u90a3\u6885\u5c14\u585e\u97f3\u4e50\u8282-micu-maku\/\" \/>\n<meta property=\"og:site_name\" content=\"Micu Maku\" \/>\n<meta property=\"article:publisher\" content=\"https:\/\/facebook.com\/micumaku\" \/>\n<meta property=\"article:published_time\" content=\"2025-09-23T13:36:13+00:00\" \/>\n<meta property=\"article:modified_time\" content=\"2025-09-25T09:22:40+00:00\" \/>\n<meta property=\"og:image\" content=\"https:\/\/micumaku.com\/wp-content\/uploads\/2025\/09\/festes-de-la-merce-2025-de-barcelona-programa-i-tot-el-que-has-de-saber.jpg\" \/>\n\t<meta property=\"og:image:width\" content=\"850\" \/>\n\t<meta property=\"og:image:height\" content=\"566\" \/>\n\t<meta property=\"og:image:type\" content=\"image\/jpeg\" \/>\n<meta name=\"author\" content=\"Eli MicuMaku\" \/>\n<meta name=\"twitter:card\" content=\"summary_large_image\" \/>\n<meta name=\"twitter:label1\" content=\"\u4f5c\u8005\" \/>\n\t<meta name=\"twitter:data1\" content=\"Eli MicuMaku\" \/>\n\t<meta name=\"twitter:label2\" content=\"\u9884\u8ba1\u9605\u8bfb\u65f6\u95f4\" \/>\n\t<meta name=\"twitter:data2\" content=\"3 \u5206\" \/>\n<script type=\"application\/ld+json\" class=\"yoast-schema-graph\">{\"@context\":\"https:\/\/schema.org\",\"@graph\":[{\"@type\":\"Article\",\"@id\":\"https:\/\/micumaku.com\/2025\/09\/23\/la-merce-festival-2025-barcelona-micu-maku\/#article\",\"isPartOf\":{\"@id\":\"https:\/\/micumaku.com\/2025\/09\/23\/la-merce-festival-2025-barcelona-micu-maku\/\"},\"author\":{\"name\":\"Eli MicuMaku\",\"@id\":\"https:\/\/micumaku.com\/#\/schema\/person\/b3dc50bdf351a2ee9a1cf7b93ed0827d\"},\"headline\":\"\u201cExperience La Merc\u00e8 Festival 2025 in Barcelona and Dine Mediterranean Style at Micu Maku\u201d\",\"datePublished\":\"2025-09-23T13:36:13+00:00\",\"dateModified\":\"2025-09-25T09:22:40+00:00\",\"mainEntityOfPage\":{\"@id\":\"https:\/\/micumaku.com\/2025\/09\/23\/la-merce-festival-2025-barcelona-micu-maku\/\"},\"wordCount\":566,\"publisher\":{\"@id\":\"https:\/\/micumaku.com\/#organization\"},\"image\":{\"@id\":\"https:\/\/micumaku.com\/2025\/09\/23\/la-merce-festival-2025-barcelona-micu-maku\/#primaryimage\"},\"thumbnailUrl\":\"https:\/\/micumaku.com\/wp-content\/uploads\/2025\/09\/festes-de-la-merce-2025-de-barcelona-programa-i-tot-el-que-has-de-saber.jpg\",\"keywords\":[\"Barcelona festivals\",\"Cultura catalana\",\"Eventos Barcelona 2025\",\"Gastronom\u00eda mediterr\u00e1nea\",\"La Merc\u00e8 Festival 2025\",\"Piromusical Montju\u00efc\",\"Restaurante Micu Maku\"],\"articleSection\":[\"Events\",\"News\",\"Tourism\"],\"inLanguage\":\"zh-Hans\"},{\"@type\":\"WebPage\",\"@id\":\"https:\/\/micumaku.com\/2025\/09\/23\/la-merce-festival-2025-barcelona-micu-maku\/\",\"url\":\"https:\/\/micumaku.com\/2025\/09\/23\/la-merce-festival-2025-barcelona-micu-maku\/\",\"name\":\"\u201cExperience La Merc\u00e8 Festival 2025 in Barcelona and Dine Mediterranean Style at Micu Maku\u201d - Micu Maku\",\"isPartOf\":{\"@id\":\"https:\/\/micumaku.com\/#website\"},\"primaryImageOfPage\":{\"@id\":\"https:\/\/micumaku.com\/2025\/09\/23\/la-merce-festival-2025-barcelona-micu-maku\/#primaryimage\"},\"image\":{\"@id\":\"https:\/\/micumaku.com\/2025\/09\/23\/la-merce-festival-2025-barcelona-micu-maku\/#primaryimage\"},\"thumbnailUrl\":\"https:\/\/micumaku.com\/wp-content\/uploads\/2025\/09\/festes-de-la-merce-2025-de-barcelona-programa-i-tot-el-que-has-de-saber.jpg\",\"datePublished\":\"2025-09-23T13:36:13+00:00\",\"dateModified\":\"2025-09-25T09:22:40+00:00\",\"description\":\"Celebrate La Merc\u00e8 Festival 2025 in Barcelona with music, tradition and authentic Mediterranean dining at Micu Maku near the main events.\",\"breadcrumb\":{\"@id\":\"https:\/\/micumaku.com\/2025\/09\/23\/la-merce-festival-2025-barcelona-micu-maku\/#breadcrumb\"},\"inLanguage\":\"zh-Hans\",\"potentialAction\":[{\"@type\":\"ReadAction\",\"target\":[\"https:\/\/micumaku.com\/2025\/09\/23\/la-merce-festival-2025-barcelona-micu-maku\/\"]}]},{\"@type\":\"ImageObject\",\"inLanguage\":\"zh-Hans\",\"@id\":\"https:\/\/micumaku.com\/2025\/09\/23\/la-merce-festival-2025-barcelona-micu-maku\/#primaryimage\",\"url\":\"https:\/\/micumaku.com\/wp-content\/uploads\/2025\/09\/festes-de-la-merce-2025-de-barcelona-programa-i-tot-el-que-has-de-saber.jpg\",\"contentUrl\":\"https:\/\/micumaku.com\/wp-content\/uploads\/2025\/09\/festes-de-la-merce-2025-de-barcelona-programa-i-tot-el-que-has-de-saber.jpg\",\"width\":850,\"height\":566,\"caption\":\"\u201cThe Piromusical at Montju\u00efc, the dazzling closing show of La Merc\u00e8 Festival 2025 in Barcelona with fireworks, music and lights.\u201d\"},{\"@type\":\"BreadcrumbList\",\"@id\":\"https:\/\/micumaku.com\/2025\/09\/23\/la-merce-festival-2025-barcelona-micu-maku\/#breadcrumb\",\"itemListElement\":[{\"@type\":\"ListItem\",\"position\":1,\"name\":\"Home\",\"item\":\"https:\/\/micumaku.com\/\"},{\"@type\":\"ListItem\",\"position\":2,\"name\":\"\u201cExperience La Merc\u00e8 Festival 2025 in Barcelona and Dine Mediterranean Style at Micu Maku\u201d\"}]},{\"@type\":\"WebSite\",\"@id\":\"https:\/\/micumaku.com\/#website\",\"url\":\"https:\/\/micumaku.com\/\",\"name\":\"Micu Maku\",\"description\":\"Mediterranean cuisine and burgers\",\"publisher\":{\"@id\":\"https:\/\/micumaku.com\/#organization\"},\"potentialAction\":[{\"@type\":\"SearchAction\",\"target\":{\"@type\":\"EntryPoint\",\"urlTemplate\":\"https:\/\/micumaku.com\/?s={search_term_string}\"},\"query-input\":{\"@type\":\"PropertyValueSpecification\",\"valueRequired\":true,\"valueName\":\"search_term_string\"}}],\"inLanguage\":\"zh-Hans\"},{\"@type\":\"Organization\",\"@id\":\"https:\/\/micumaku.com\/#organization\",\"name\":\"Micu Maku\",\"url\":\"https:\/\/micumaku.com\/\",\"logo\":{\"@type\":\"ImageObject\",\"inLanguage\":\"zh-Hans\",\"@id\":\"https:\/\/micumaku.com\/#\/schema\/logo\/image\/\",\"url\":\"https:\/\/micumaku.com\/wp-content\/uploads\/2025\/01\/cropped-LOGO-PLANO-TRANSP.png\",\"contentUrl\":\"https:\/\/micumaku.com\/wp-content\/uploads\/2025\/01\/cropped-LOGO-PLANO-TRANSP.png\",\"width\":1835,\"height\":500,\"caption\":\"Micu Maku\"},\"image\":{\"@id\":\"https:\/\/micumaku.com\/#\/schema\/logo\/image\/\"},\"sameAs\":[\"https:\/\/facebook.com\/micumaku\",\"https:\/\/instagram.com\/micumaku\"]},{\"@type\":\"Person\",\"@id\":\"https:\/\/micumaku.com\/#\/schema\/person\/b3dc50bdf351a2ee9a1cf7b93ed0827d\",\"name\":\"Eli MicuMaku\",\"image\":{\"@type\":\"ImageObject\",\"inLanguage\":\"zh-Hans\",\"@id\":\"https:\/\/secure.gravatar.com\/avatar\/0d190a92e52c1b170f5671b4bc41ece870afb9b76422cf76d43c9b6b27a60468?s=96&d=mm&r=g\",\"url\":\"https:\/\/secure.gravatar.com\/avatar\/0d190a92e52c1b170f5671b4bc41ece870afb9b76422cf76d43c9b6b27a60468?s=96&d=mm&r=g\",\"contentUrl\":\"https:\/\/secure.gravatar.com\/avatar\/0d190a92e52c1b170f5671b4bc41ece870afb9b76422cf76d43c9b6b27a60468?s=96&d=mm&r=g\",\"caption\":\"Eli MicuMaku\"},\"url\":\"https:\/\/micumaku.com\/zh\/author\/micumakueli\/\"}]}<\/script>\n<!-- \/ Yoast SEO plugin. -->","yoast_head_json":{"title":"\u201c\u4f53\u9a8c\u5df4\u585e\u7f57\u90a3 2025 \u5e74 La Merc\u00e8 \u8282\uff0c\u5728 Micu Maku \u54c1\u5c1d\u5730\u4e2d\u6d77\u98ce\u5473\u7f8e\u98df\u201d - Micu Maku","description":"\u5728\u4e3b\u8981\u6d3b\u52a8\u9644\u8fd1\u7684 Micu Maku\uff0c\u7528\u97f3\u4e50\u3001\u4f20\u7edf\u548c\u5730\u9053\u7684\u5730\u4e2d\u6d77\u7f8e\u98df\u5e86\u795d\u5df4\u585e\u7f57\u90a3 2025 \u5e74\u6885\u5c14\u585e\u8282\u3002.","robots":{"index":"index","follow":"follow","max-snippet":"max-snippet:-1","max-image-preview":"max-image-preview:large","max-video-preview":"max-video-preview:-1"},"canonical":"https:\/\/micumaku.com\/zh\/2025\/09\/23\/2025-\u5e74\u5df4\u585e\u7f57\u90a3\u6885\u5c14\u585e\u97f3\u4e50\u8282-micu-maku\/","og_locale":"zh_CN","og_type":"article","og_title":"\u201cExperience La Merc\u00e8 Festival 2025 in Barcelona and Dine Mediterranean Style at Micu Maku\u201d - Micu Maku","og_description":"Celebrate La Merc\u00e8 Festival 2025 in Barcelona with music, tradition and authentic Mediterranean dining at Micu Maku near the main events.","og_url":"https:\/\/micumaku.com\/zh\/2025\/09\/23\/2025-\u5e74\u5df4\u585e\u7f57\u90a3\u6885\u5c14\u585e\u97f3\u4e50\u8282-micu-maku\/","og_site_name":"Micu Maku","article_publisher":"https:\/\/facebook.com\/micumaku","article_published_time":"2025-09-23T13:36:13+00:00","article_modified_time":"2025-09-25T09:22:40+00:00","og_image":[{"width":850,"height":566,"url":"https:\/\/micumaku.com\/wp-content\/uploads\/2025\/09\/festes-de-la-merce-2025-de-barcelona-programa-i-tot-el-que-has-de-saber.jpg","type":"image\/jpeg"}],"author":"Eli MicuMaku","twitter_card":"summary_large_image","twitter_misc":{"\u4f5c\u8005":"Eli MicuMaku","\u9884\u8ba1\u9605\u8bfb\u65f6\u95f4":"3 \u5206"},"schema":{"@context":"https:\/\/schema.org","@graph":[{"@type":"Article","@id":"https:\/\/micumaku.com\/2025\/09\/23\/la-merce-festival-2025-barcelona-micu-maku\/#article","isPartOf":{"@id":"https:\/\/micumaku.com\/2025\/09\/23\/la-merce-festival-2025-barcelona-micu-maku\/"},"author":{"name":"Eli MicuMaku","@id":"https:\/\/micumaku.com\/#\/schema\/person\/b3dc50bdf351a2ee9a1cf7b93ed0827d"},"headline":"\u201cExperience La Merc\u00e8 Festival 2025 in Barcelona and Dine Mediterranean Style at Micu Maku\u201d","datePublished":"2025-09-23T13:36:13+00:00","dateModified":"2025-09-25T09:22:40+00:00","mainEntityOfPage":{"@id":"https:\/\/micumaku.com\/2025\/09\/23\/la-merce-festival-2025-barcelona-micu-maku\/"},"wordCount":566,"publisher":{"@id":"https:\/\/micumaku.com\/#organization"},"image":{"@id":"https:\/\/micumaku.com\/2025\/09\/23\/la-merce-festival-2025-barcelona-micu-maku\/#primaryimage"},"thumbnailUrl":"https:\/\/micumaku.com\/wp-content\/uploads\/2025\/09\/festes-de-la-merce-2025-de-barcelona-programa-i-tot-el-que-has-de-saber.jpg","keywords":["Barcelona festivals","Cultura catalana","Eventos Barcelona 2025","Gastronom\u00eda mediterr\u00e1nea","La Merc\u00e8 Festival 2025","Piromusical Montju\u00efc","Restaurante Micu Maku"],"articleSection":["Events","News","Tourism"],"inLanguage":"zh-Hans"},{"@type":"WebPage","@id":"https:\/\/micumaku.com\/2025\/09\/23\/la-merce-festival-2025-barcelona-micu-maku\/","url":"https:\/\/micumaku.com\/2025\/09\/23\/la-merce-festival-2025-barcelona-micu-maku\/","name":"\u201c\u4f53\u9a8c\u5df4\u585e\u7f57\u90a3 2025 \u5e74 La Merc\u00e8 \u8282\uff0c\u5728 Micu Maku \u54c1\u5c1d\u5730\u4e2d\u6d77\u98ce\u5473\u7f8e\u98df\u201d - Micu Maku","isPartOf":{"@id":"https:\/\/micumaku.com\/#website"},"primaryImageOfPage":{"@id":"https:\/\/micumaku.com\/2025\/09\/23\/la-merce-festival-2025-barcelona-micu-maku\/#primaryimage"},"image":{"@id":"https:\/\/micumaku.com\/2025\/09\/23\/la-merce-festival-2025-barcelona-micu-maku\/#primaryimage"},"thumbnailUrl":"https:\/\/micumaku.com\/wp-content\/uploads\/2025\/09\/festes-de-la-merce-2025-de-barcelona-programa-i-tot-el-que-has-de-saber.jpg","datePublished":"2025-09-23T13:36:13+00:00","dateModified":"2025-09-25T09:22:40+00:00","description":"\u5728\u4e3b\u8981\u6d3b\u52a8\u9644\u8fd1\u7684 Micu Maku\uff0c\u7528\u97f3\u4e50\u3001\u4f20\u7edf\u548c\u5730\u9053\u7684\u5730\u4e2d\u6d77\u7f8e\u98df\u5e86\u795d\u5df4\u585e\u7f57\u90a3 2025 \u5e74\u6885\u5c14\u585e\u8282\u3002.","breadcrumb":{"@id":"https:\/\/micumaku.com\/2025\/09\/23\/la-merce-festival-2025-barcelona-micu-maku\/#breadcrumb"},"inLanguage":"zh-Hans","potentialAction":[{"@type":"ReadAction","target":["https:\/\/micumaku.com\/2025\/09\/23\/la-merce-festival-2025-barcelona-micu-maku\/"]}]},{"@type":"ImageObject","inLanguage":"zh-Hans","@id":"https:\/\/micumaku.com\/2025\/09\/23\/la-merce-festival-2025-barcelona-micu-maku\/#primaryimage","url":"https:\/\/micumaku.com\/wp-content\/uploads\/2025\/09\/festes-de-la-merce-2025-de-barcelona-programa-i-tot-el-que-has-de-saber.jpg","contentUrl":"https:\/\/micumaku.com\/wp-content\/uploads\/2025\/09\/festes-de-la-merce-2025-de-barcelona-programa-i-tot-el-que-has-de-saber.jpg","width":850,"height":566,"caption":"\u201cThe Piromusical at Montju\u00efc, the dazzling closing show of La Merc\u00e8 Festival 2025 in Barcelona with fireworks, music and lights.\u201d"},{"@type":"BreadcrumbList","@id":"https:\/\/micumaku.com\/2025\/09\/23\/la-merce-festival-2025-barcelona-micu-maku\/#breadcrumb","itemListElement":[{"@type":"ListItem","position":1,"name":"Home","item":"https:\/\/micumaku.com\/"},{"@type":"ListItem","position":2,"name":"\u201cExperience La Merc\u00e8 Festival 2025 in Barcelona and Dine Mediterranean Style at Micu Maku\u201d"}]},{"@type":"WebSite","@id":"https:\/\/micumaku.com\/#website","url":"https:\/\/micumaku.com\/","name":"\u7c73\u5e93-\u9a6c\u5e93","description":"\u5730\u4e2d\u6d77\u7f8e\u98df\u548c\u6c49\u5821","publisher":{"@id":"https:\/\/micumaku.com\/#organization"},"potentialAction":[{"@type":"SearchAction","target":{"@type":"EntryPoint","urlTemplate":"https:\/\/micumaku.com\/?s={search_term_string}"},"query-input":{"@type":"PropertyValueSpecification","valueRequired":true,"valueName":"search_term_string"}}],"inLanguage":"zh-Hans"},{"@type":"Organization","@id":"https:\/\/micumaku.com\/#organization","name":"\u7c73\u5e93-\u9a6c\u5e93","url":"https:\/\/micumaku.com\/","logo":{"@type":"ImageObject","inLanguage":"zh-Hans","@id":"https:\/\/micumaku.com\/#\/schema\/logo\/image\/","url":"https:\/\/micumaku.com\/wp-content\/uploads\/2025\/01\/cropped-LOGO-PLANO-TRANSP.png","contentUrl":"https:\/\/micumaku.com\/wp-content\/uploads\/2025\/01\/cropped-LOGO-PLANO-TRANSP.png","width":1835,"height":500,"caption":"Micu Maku"},"image":{"@id":"https:\/\/micumaku.com\/#\/schema\/logo\/image\/"},"sameAs":["https:\/\/facebook.com\/micumaku","https:\/\/instagram.com\/micumaku"]},{"@type":"Person","@id":"https:\/\/micumaku.com\/#\/schema\/person\/b3dc50bdf351a2ee9a1cf7b93ed0827d","name":"Eli MicuMaku","image":{"@type":"ImageObject","inLanguage":"zh-Hans","@id":"https:\/\/secure.gravatar.com\/avatar\/0d190a92e52c1b170f5671b4bc41ece870afb9b76422cf76d43c9b6b27a60468?s=96&d=mm&r=g","url":"https:\/\/secure.gravatar.com\/avatar\/0d190a92e52c1b170f5671b4bc41ece870afb9b76422cf76d43c9b6b27a60468?s=96&d=mm&r=g","contentUrl":"https:\/\/secure.gravatar.com\/avatar\/0d190a92e52c1b170f5671b4bc41ece870afb9b76422cf76d43c9b6b27a60468?s=96&d=mm&r=g","caption":"Eli MicuMaku"},"url":"https:\/\/micumaku.com\/zh\/author\/micumakueli\/"}]}},"_links":{"self":[{"href":"https:\/\/micumaku.com\/zh\/wp-json\/wp\/v2\/posts\/821","targetHints":{"allow":["GET"]}}],"collection":[{"href":"https:\/\/micumaku.com\/zh\/wp-json\/wp\/v2\/posts"}],"about":[{"href":"https:\/\/micumaku.com\/zh\/wp-json\/wp\/v2\/types\/post"}],"author":[{"embeddable":true,"href":"https:\/\/micumaku.com\/zh\/wp-json\/wp\/v2\/users\/2"}],"replies":[{"embeddable":true,"href":"https:\/\/micumaku.com\/zh\/wp-json\/wp\/v2\/comments?post=821"}],"version-history":[{"count":1,"href":"https:\/\/micumaku.com\/zh\/wp-json\/wp\/v2\/posts\/821\/revisions"}],"predecessor-version":[{"id":822,"href":"https:\/\/micumaku.com\/zh\/wp-json\/wp\/v2\/posts\/821\/revisions\/822"}],"wp:featuredmedia":[{"embeddable":true,"href":"https:\/\/micumaku.com\/zh\/wp-json\/wp\/v2\/media\/823"}],"wp:attachment":[{"href":"https:\/\/micumaku.com\/zh\/wp-json\/wp\/v2\/media?parent=821"}],"wp:term":[{"taxonomy":"category","embeddable":true,"href":"https:\/\/micumaku.com\/zh\/wp-json\/wp\/v2\/categories?post=821"},{"taxonomy":"post_tag","embeddable":true,"href":"https:\/\/micumaku.com\/zh\/wp-json\/wp\/v2\/tags?post=821"}],"curies":[{"name":"wp","href":"https:\/\/api.w.org\/{rel}","templated":true}]}}